{"id":56032,"date":"2023-08-03T11:57:50","date_gmt":"2023-08-03T11:57:50","guid":{"rendered":"https:\/\/neutrale.al\/?p=56032"},"modified":"2023-08-03T11:57:50","modified_gmt":"2023-08-03T11:57:50","slug":"spiro-cura-kombet-jane-shprehje-e-zhvillimit-te-nje-kulture","status":"publish","type":"post","link":"https:\/\/neutrale.al\/index.php\/2023\/08\/03\/spiro-cura-kombet-jane-shprehje-e-zhvillimit-te-nje-kulture\/","title":{"rendered":"Spiro Cura\/ Kombet jan\u00eb shprehje e zhvillimit t\u00eb nj\u00eb Kulture."},"content":{"rendered":"<p>Kombet jan\u00eb shprehje e zhvillimit t\u00eb nj\u00eb Kulture.<br \/>\nAta jan\u00eb n\u00ebn kujdesin e nj\u00eb grupi t\u00eb vog\u00ebl. Kultura nga vet\u00eb natyra e saj \u00ebsht\u00eb selektive, eskluzive.<br \/>\nI kulturuar n\u00eb kuptimin personal do t\u00eb thot\u00eb: i p\u00ebrkushtuar n\u00eb di\u00e7ka p\u00ebrtej vetvetes dhe rrethit t\u00eb ngusht\u00eb familjar.<br \/>\nP\u00ebrtej artit, let\u00ebrsis\u00eb edhe patriotizmi, p\u00ebrkushtimi ndaj detyr\u00ebs, urdh\u00ebresat etike, heroizmi, vet\u00ebflijimi jan\u00eb gjithashtu nj\u00eb shprehje e Kultur\u00ebs.<br \/>\nNjeriu i r\u00ebndomt\u00eb nuk i shfaq k\u00ebto. Nj\u00eb luft\u00eb \u00ebsht\u00eb po aq shprehje e Kultur\u00ebs, si\u00e7 \u00ebsht\u00eb edhe nj\u00eb poem\u00eb, nj\u00eb fabrik\u00eb si\u00e7 esht\u00eb nj\u00eb katedrale, nj\u00eb pushk\u00eb, si\u00e7 \u00ebsht\u00eb nj\u00eb statuj\u00eb. Intensiteti i ngulitjes s\u00eb Kultur\u00ebs tek individ\u00ebt, \u00ebsht\u00eb n\u00eb p\u00ebrpjes\u00ebtim me aft\u00ebsin\u00eb e tyre p\u00ebr t\u00eb marre mbresa shpirt\u00ebrore.<br \/>\nNje individ shpirtngusht\u00eb jeton vet\u00ebm p\u00ebr veten e tij. Njeri i Kultur\u00ebs \u00ebsht\u00eb ai q\u00eb v\u00eb di\u00e7ka tjet\u00ebr para jet\u00ebs dhe siguris\u00eb s\u00eb vetes.<br \/>\nNjeriu i r\u00ebndomt\u00eb \u00ebsht\u00eb materiali me t\u00eb cilin punojn\u00eb udh\u00ebheq\u00ebsit n\u00eb kushtet demokratike.<br \/>\nKur kushtet demokratike arrijn\u00eb caqet, rezultati \u00ebsht\u00eb se dhe udh\u00ebheq\u00ebsit kthehen n\u00eb njer\u00ebz t\u00eb r\u00ebndomt\u00eb.<br \/>\nPrishja e cil\u00ebsis\u00eb e mbyt njeriun e pazakont\u00eb n\u00eb rinin\u00eb e vet dhe e kthen at\u00eb n\u00eb nj\u00eb cinik.<br \/>\nN\u00eb \u00e7do Kultur\u00eb ka nj\u00eb nivel shpirt\u00ebror t\u00eb t\u00eb gjith\u00eb popullsis\u00eb q\u00eb quhet shtres\u00eb Kulturmbajt\u00ebse.<br \/>\nKjo shtres\u00eb \u00ebsht\u00eb kujdestare e pasuris\u00eb s\u00eb formave t\u00eb shprehjes s\u00eb Kultur\u00ebs.<br \/>\nAsaj i p\u00ebrkasin t\u00eb gjith\u00eb krijuesit n\u00eb fushat e fes\u00eb, filozofis\u00eb shkenc\u00ebs, muzik\u00ebs, let\u00ebrsis\u00eb, arteve, matematik\u00ebs, politik\u00ebs, teknik\u00ebs dhe luft\u00ebs.<br \/>\nPas tyre vijn\u00eb Vler\u00ebsuesit, t\u00eb cil\u00ebt marrin ndjesit\u00eb e zhvillimeve t\u00eb k\u00ebsaj bote t\u00eb lart\u00eb.<br \/>\nPra n\u00eb vetvete shtresa Kulturmbajt\u00ebse artikulohet n\u00eb Krijues dhe Vler\u00ebsues.<\/p>\n","protected":false},"excerpt":{"rendered":"<p>Kombet jan\u00eb shprehje e zhvillimit t\u00eb nj\u00eb Kulture. Ata jan\u00eb n\u00ebn kujdesin e nj\u00eb grupi t\u00eb vog\u00ebl. Kultura nga vet\u00eb natyra e saj \u00ebsht\u00eb selektive, eskluzive. I kulturuar n\u00eb kuptimin personal do t\u00eb thot\u00eb: i p\u00ebrkushtuar n\u00eb di\u00e7ka p\u00ebrtej vetvetes dhe rrethit t\u00eb ngusht\u00eb familjar. P\u00ebrtej artit, let\u00ebrsis\u00eb edhe patriotizmi, p\u00ebrkushtimi ndaj detyr\u00ebs, urdh\u00ebresat etike, [&hellip;]<\/p>\n","protected":false},"author":2,"featured_media":56033,"comment_status":"open","ping_status":"open","sticky":false,"template":"","format":"standard","meta":{"footnotes":""},"categories":[1],"tags":[],"class_list":{"0":"post-56032","1":"post","2":"type-post","3":"status-publish","4":"format-standard","5":"has-post-thumbnail","7":"category-te-tjera"},"_links":{"self":[{"href":"https:\/\/neutrale.al\/index.php\/wp-json\/wp\/v2\/posts\/56032","targetHints":{"allow":["GET"]}}],"collection":[{"href":"https:\/\/neutrale.al\/index.php\/wp-json\/wp\/v2\/posts"}],"about":[{"href":"https:\/\/neutrale.al\/index.php\/wp-json\/wp\/v2\/types\/post"}],"author":[{"embeddable":true,"href":"https:\/\/neutrale.al\/index.php\/wp-json\/wp\/v2\/users\/2"}],"replies":[{"embeddable":true,"href":"https:\/\/neutrale.al\/index.php\/wp-json\/wp\/v2\/comments?post=56032"}],"version-history":[{"count":1,"href":"https:\/\/neutrale.al\/index.php\/wp-json\/wp\/v2\/posts\/56032\/revisions"}],"predecessor-version":[{"id":56034,"href":"https:\/\/neutrale.al\/index.php\/wp-json\/wp\/v2\/posts\/56032\/revisions\/56034"}],"wp:featuredmedia":[{"embeddable":true,"href":"https:\/\/neutrale.al\/index.php\/wp-json\/wp\/v2\/media\/56033"}],"wp:attachment":[{"href":"https:\/\/neutrale.al\/index.php\/wp-json\/wp\/v2\/media?parent=56032"}],"wp:term":[{"taxonomy":"category","embeddable":true,"href":"https:\/\/neutrale.al\/index.php\/wp-json\/wp\/v2\/categories?post=56032"},{"taxonomy":"post_tag","embeddable":true,"href":"https:\/\/neutrale.al\/index.php\/wp-json\/wp\/v2\/tags?post=56032"}],"curies":[{"name":"wp","href":"https:\/\/api.w.org\/{rel}","templated":true}]}}