{"id":55995,"date":"2023-08-03T10:21:42","date_gmt":"2023-08-03T10:21:42","guid":{"rendered":"https:\/\/neutrale.al\/?p=55995"},"modified":"2023-08-03T10:21:42","modified_gmt":"2023-08-03T10:21:42","slug":"presidenti-i-burkina-faso-kapiteni-ibrahim-traore-akuzon-lideret-afrikane-per-lypesi","status":"publish","type":"post","link":"https:\/\/neutrale.al\/index.php\/2023\/08\/03\/presidenti-i-burkina-faso-kapiteni-ibrahim-traore-akuzon-lideret-afrikane-per-lypesi\/","title":{"rendered":"Presidenti i Burkina Faso, Kapiteni Ibrahim Traore akuzon lider\u00ebt afrikan\u00eb p\u00ebr &#8220;lyp\u00ebsi&#8221;"},"content":{"rendered":"<p>Si b\u00ebhet Afrika, me kaq shum\u00eb pasuri, kontinenti m\u00eb i varf\u00ebr n\u00eb bot\u00eb, pyet Ibrahim Traore <\/p>\n<p>DAKAR, Senegal <\/p>\n<p>Presidenti i Burkina Fasos, Ibrahim Traore akuzoi t\u00eb premten lider\u00ebt afrikan\u00eb p\u00ebr &#8220;lyp\u00ebsi&#8221; n\u00eb Samitin Rusi-Afrik\u00eb n\u00eb Sh\u00ebn Petersburg, Rusi. Traore, 35 vje\u00e7, i cili erdhi n\u00eb pushtet me nj\u00eb grusht shteti dhe u b\u00eb udh\u00ebheq\u00ebsi m\u00eb i ri n\u00eb bot\u00eb, fal\u00ebnderoi presidentin rus Vladimir Putin p\u00ebr vendimin p\u00ebr t\u00eb d\u00ebrguar grur\u00eb falas n\u00eb vendet afrikane dhe u shpreh se Afrika duhet t\u00eb b\u00ebhet e vet\u00eb-mjaftueshme n\u00eb ushqim deri n\u00eb samitin e ardhsh\u00ebm. \u201cBrezi im nuk e kupton k\u00ebt\u00eb: si mundet Afrika, e cila ka kaq shum\u00eb pasuri, t\u00eb b\u00ebhet kontinenti m\u00eb i varf\u00ebr n\u00eb bot\u00eb sot? Dhe pse lider\u00ebt afrikan\u00eb udh\u00ebtojn\u00eb n\u00ebp\u00ebr bot\u00eb p\u00ebr t\u00eb lypur,\u201d tha ai. <\/p>\n<p>Duke iu p\u00ebrgjigjur Traores, presidenti senegalez Macky Sall tha: &#8220;Udh\u00ebheq\u00ebsit afrikan\u00eb nuk erdh\u00ebn k\u00ebtu p\u00ebr t\u00eb lypur&#8221;. \u201cNe po punojm\u00eb p\u00ebr bashk\u00ebpunim t\u00eb bazuar n\u00eb kushte t\u00eb barabarta mes vendeve. Ne themi t\u00eb nj\u00ebjt\u00ebn gj\u00eb n\u00eb Sh\u00ebn Petersburg ose n\u00eb Uashington\u201d, tha ai. Duke t\u00ebrhequr v\u00ebmendjen p\u00ebr luft\u00ebn me t\u00eb cil\u00ebn duhet t\u00eb p\u00ebrballet \u00e7do brez, Sall deklaroi: &#8220;Detyra jon\u00eb \u00ebsht\u00eb t\u00eb zgjidhim problemin e terrorizmit q\u00eb ka shkat\u00ebrruar kontinentin ton\u00eb dhe t\u00eb sigurojm\u00eb zhvillimin e kontinentit.&#8221;<\/p>\n<p><img loading=\"lazy\" loading=\"lazy\" decoding=\"async\" src=\"https:\/\/neutrale.al\/wp-content\/uploads\/2023\/08\/ff0fde59-9f19-417b-9a7f-dbd58de7e667-300x300.jpeg\" alt=\"\" width=\"300\" height=\"300\" class=\"alignnone size-medium wp-image-55996\" srcset=\"https:\/\/neutrale.al\/wp-content\/uploads\/2023\/08\/ff0fde59-9f19-417b-9a7f-dbd58de7e667-300x300.jpeg 300w, https:\/\/neutrale.al\/wp-content\/uploads\/2023\/08\/ff0fde59-9f19-417b-9a7f-dbd58de7e667-1024x1024.jpeg 1024w, https:\/\/neutrale.al\/wp-content\/uploads\/2023\/08\/ff0fde59-9f19-417b-9a7f-dbd58de7e667-150x150.jpeg 150w, https:\/\/neutrale.al\/wp-content\/uploads\/2023\/08\/ff0fde59-9f19-417b-9a7f-dbd58de7e667-768x768.jpeg 768w, https:\/\/neutrale.al\/wp-content\/uploads\/2023\/08\/ff0fde59-9f19-417b-9a7f-dbd58de7e667-860x860.jpeg 860w, https:\/\/neutrale.al\/wp-content\/uploads\/2023\/08\/ff0fde59-9f19-417b-9a7f-dbd58de7e667.jpeg 1080w\" sizes=\"auto, (max-width: 300px) 100vw, 300px\" \/><\/p>\n","protected":false},"excerpt":{"rendered":"<p>Si b\u00ebhet Afrika, me kaq shum\u00eb pasuri, kontinenti m\u00eb i varf\u00ebr n\u00eb bot\u00eb, pyet Ibrahim Traore DAKAR, Senegal Presidenti i Burkina Fasos, Ibrahim Traore akuzoi t\u00eb premten lider\u00ebt afrikan\u00eb p\u00ebr &#8220;lyp\u00ebsi&#8221; n\u00eb Samitin Rusi-Afrik\u00eb n\u00eb Sh\u00ebn Petersburg, Rusi. Traore, 35 vje\u00e7, i cili erdhi n\u00eb pushtet me nj\u00eb grusht shteti dhe u b\u00eb udh\u00ebheq\u00ebsi m\u00eb [&hellip;]<\/p>\n","protected":false},"author":2,"featured_media":55997,"comment_status":"open","ping_status":"open","sticky":false,"template":"","format":"standard","meta":{"footnotes":""},"categories":[12],"tags":[27],"class_list":{"0":"post-55995","1":"post","2":"type-post","3":"status-publish","4":"format-standard","5":"has-post-thumbnail","7":"category-bota","8":"tag-lajme"},"_links":{"self":[{"href":"https:\/\/neutrale.al\/index.php\/wp-json\/wp\/v2\/posts\/55995","targetHints":{"allow":["GET"]}}],"collection":[{"href":"https:\/\/neutrale.al\/index.php\/wp-json\/wp\/v2\/posts"}],"about":[{"href":"https:\/\/neutrale.al\/index.php\/wp-json\/wp\/v2\/types\/post"}],"author":[{"embeddable":true,"href":"https:\/\/neutrale.al\/index.php\/wp-json\/wp\/v2\/users\/2"}],"replies":[{"embeddable":true,"href":"https:\/\/neutrale.al\/index.php\/wp-json\/wp\/v2\/comments?post=55995"}],"version-history":[{"count":2,"href":"https:\/\/neutrale.al\/index.php\/wp-json\/wp\/v2\/posts\/55995\/revisions"}],"predecessor-version":[{"id":55999,"href":"https:\/\/neutrale.al\/index.php\/wp-json\/wp\/v2\/posts\/55995\/revisions\/55999"}],"wp:featuredmedia":[{"embeddable":true,"href":"https:\/\/neutrale.al\/index.php\/wp-json\/wp\/v2\/media\/55997"}],"wp:attachment":[{"href":"https:\/\/neutrale.al\/index.php\/wp-json\/wp\/v2\/media?parent=55995"}],"wp:term":[{"taxonomy":"category","embeddable":true,"href":"https:\/\/neutrale.al\/index.php\/wp-json\/wp\/v2\/categories?post=55995"},{"taxonomy":"post_tag","embeddable":true,"href":"https:\/\/neutrale.al\/index.php\/wp-json\/wp\/v2\/tags?post=55995"}],"curies":[{"name":"wp","href":"https:\/\/api.w.org\/{rel}","templated":true}]}}