{"id":55980,"date":"2023-08-03T09:50:53","date_gmt":"2023-08-03T09:50:53","guid":{"rendered":"https:\/\/neutrale.al\/?p=55980"},"modified":"2023-08-03T09:50:53","modified_gmt":"2023-08-03T09:50:53","slug":"kurbin-dy-23-vjecare-te-implikuar-ne-shitjen-e-dozave-te-kanabisit-nje-ne-pranga-e-tjetri-ne-kerkim","status":"publish","type":"post","link":"https:\/\/neutrale.al\/index.php\/2023\/08\/03\/kurbin-dy-23-vjecare-te-implikuar-ne-shitjen-e-dozave-te-kanabisit-nje-ne-pranga-e-tjetri-ne-kerkim\/","title":{"rendered":"Kurbin\/ Dy 23-vje\u00e7ar\u00eb  t\u00eb implikuar n\u00eb shitjen e dozave t\u00eb kanabisit, nj\u00eb n\u00eb pranga e tjetri n\u00eb k\u00ebrkim"},"content":{"rendered":"<p>Detajet e operacionit policor &#8220;Nd\u00ebrthurja&#8221;:<\/p>\n<p>Vijon operacioni policor antidrog\u00eb i koduar &#8220;Nd\u00ebrthurja&#8221;, i zhvilluar m\u00eb 27.06.2023.<\/p>\n<p>Identifikohen 2 shtetas t\u00eb tjer\u00eb t\u00eb implikuar n\u00eb veprimtarin\u00eb kriminale t\u00eb shitjes n\u00eb doza t\u00eb l\u00ebnd\u00ebs narkotike cannabis sativa, n\u00eb nj\u00eb lokal n\u00eb qytetin e La\u00e7it.<\/p>\n<p>Vihet n\u00eb pranga nj\u00ebri prej k\u00ebtyre shtetasve, nd\u00ebrkaq, Policia vijon pun\u00ebn p\u00ebr kapjen e shtetasit tjet\u00ebr.<\/p>\n<p>Gjat\u00eb k\u00ebtij operacioni, m\u00eb dat\u00eb 27 qershor, u zbulua n\u00eb La\u00e7, nj\u00eb lokal i p\u00ebrshtatur p\u00ebr shitjen n\u00eb doza t\u00eb l\u00ebnd\u00ebs narkotike cannabis sativa, si dhe u arrestuan pronari i k\u00ebtij lokali dhe nj\u00eb kamerier n\u00eb k\u00ebt\u00eb biznes.<\/p>\n<p>Specialist\u00ebt e Seksionit p\u00ebr Hetimin e Narkotik\u00ebve t\u00eb DVP Lezh\u00eb dhe ata t\u00eb Komisariatit t\u00eb Policis\u00eb Kurbin, n\u00eb bashk\u00ebpunim me Prokurorin\u00eb e Lezh\u00ebs, kan\u00eb vijuar veprimet e thelluara hetimore p\u00ebr p\u00ebrcaktimin e plot\u00eb t\u00eb autor\u00ebsis\u00eb s\u00eb veprimtaris\u00eb kriminale t\u00eb shitjes n\u00eb doza t\u00eb l\u00ebnd\u00ebs narkotike cannabis sativa, n\u00eb qytetin e Kurbinit, rast i cili u godit m\u00eb dat\u00eb 27.06.2023, si rezultat i operacionit policor t\u00eb koduar &#8220;Nd\u00ebrthurja&#8221;.<\/p>\n<p>Nga k\u00ebto veprime, u vu n\u00eb pranga shtetasi I. N., 23 vje\u00e7 dhe u shpall n\u00eb k\u00ebrkim shtetasi A. Gj., 23 vje\u00e7, t\u00eb dy banues n\u00eb Kurbin, pasi nga hetimet rezultoi se jan\u00eb t\u00eb p\u00ebrfshir\u00eb n\u00eb veprimtarin\u00eb kriminale t\u00eb shitjes n\u00eb doza t\u00eb l\u00ebnd\u00ebs narkotike cannabis sativa.<\/p>\n<p>Vijon puna p\u00ebr kapjen e shtetasit A. Gj.<\/p>\n<p>Materialet procedurale i kaluan Prokuroris\u00eb pran\u00eb Gjykat\u00ebs s\u00eb Shkall\u00ebs s\u00eb Par\u00eb t\u00eb Juridiksionit t\u00eb P\u00ebrgjithsh\u00ebm Lezh\u00eb, p\u00ebr veprime t\u00eb m\u00ebtejshme.<\/p>\n","protected":false},"excerpt":{"rendered":"<p>Detajet e operacionit policor &#8220;Nd\u00ebrthurja&#8221;: Vijon operacioni policor antidrog\u00eb i koduar &#8220;Nd\u00ebrthurja&#8221;, i zhvilluar m\u00eb 27.06.2023. Identifikohen 2 shtetas t\u00eb tjer\u00eb t\u00eb implikuar n\u00eb veprimtarin\u00eb kriminale t\u00eb shitjes n\u00eb doza t\u00eb l\u00ebnd\u00ebs narkotike cannabis sativa, n\u00eb nj\u00eb lokal n\u00eb qytetin e La\u00e7it. Vihet n\u00eb pranga nj\u00ebri prej k\u00ebtyre shtetasve, nd\u00ebrkaq, Policia vijon pun\u00ebn p\u00ebr kapjen [&hellip;]<\/p>\n","protected":false},"author":2,"featured_media":55981,"comment_status":"open","ping_status":"open","sticky":false,"template":"","format":"standard","meta":{"footnotes":""},"categories":[117],"tags":[27],"class_list":{"0":"post-55980","1":"post","2":"type-post","3":"status-publish","4":"format-standard","5":"has-post-thumbnail","7":"category-aktualitet","8":"tag-lajme"},"_links":{"self":[{"href":"https:\/\/neutrale.al\/index.php\/wp-json\/wp\/v2\/posts\/55980","targetHints":{"allow":["GET"]}}],"collection":[{"href":"https:\/\/neutrale.al\/index.php\/wp-json\/wp\/v2\/posts"}],"about":[{"href":"https:\/\/neutrale.al\/index.php\/wp-json\/wp\/v2\/types\/post"}],"author":[{"embeddable":true,"href":"https:\/\/neutrale.al\/index.php\/wp-json\/wp\/v2\/users\/2"}],"replies":[{"embeddable":true,"href":"https:\/\/neutrale.al\/index.php\/wp-json\/wp\/v2\/comments?post=55980"}],"version-history":[{"count":1,"href":"https:\/\/neutrale.al\/index.php\/wp-json\/wp\/v2\/posts\/55980\/revisions"}],"predecessor-version":[{"id":55982,"href":"https:\/\/neutrale.al\/index.php\/wp-json\/wp\/v2\/posts\/55980\/revisions\/55982"}],"wp:featuredmedia":[{"embeddable":true,"href":"https:\/\/neutrale.al\/index.php\/wp-json\/wp\/v2\/media\/55981"}],"wp:attachment":[{"href":"https:\/\/neutrale.al\/index.php\/wp-json\/wp\/v2\/media?parent=55980"}],"wp:term":[{"taxonomy":"category","embeddable":true,"href":"https:\/\/neutrale.al\/index.php\/wp-json\/wp\/v2\/categories?post=55980"},{"taxonomy":"post_tag","embeddable":true,"href":"https:\/\/neutrale.al\/index.php\/wp-json\/wp\/v2\/tags?post=55980"}],"curies":[{"name":"wp","href":"https:\/\/api.w.org\/{rel}","templated":true}]}}