{"id":55908,"date":"2023-08-02T10:42:25","date_gmt":"2023-08-02T10:42:25","guid":{"rendered":"https:\/\/neutrale.al\/?p=55908"},"modified":"2023-08-02T10:42:25","modified_gmt":"2023-08-02T10:42:25","slug":"shehaj-veliaj-duhet-te-jap-doreheqjen-para-arrestimit-nga-spak-u","status":"publish","type":"post","link":"https:\/\/neutrale.al\/index.php\/2023\/08\/02\/shehaj-veliaj-duhet-te-jap-doreheqjen-para-arrestimit-nga-spak-u\/","title":{"rendered":"Shehaj: Veliaj duhet t\u00eb jap dor\u00ebheqjen para arrestimit nga SPAK-u!"},"content":{"rendered":"<p>Pas lajmit p\u00ebr sekuestrimin e inceneratorit t\u00eb Tiran\u00ebs ka reaguar edhe deputeti i Partis\u00eb Demokratike, Agron Shehaj, i cili k\u00ebrkon dor\u00ebheqjen e Veliaj pas faktimit t\u00eb p\u00ebrfshirjes s\u00eb tij n\u00eb afer\u00ebn e incenerator\u00ebve.<\/p>\n<p>Reagimi i Shehajt<\/p>\n<p>N\u00eb thelb Veliaj vazhdoi pagesat p\u00ebr inceneratorin e Tiran\u00ebs me pretendimin se pronar\u00eb nuk ishin Zoto dhe M\u00ebrtiri.<br \/>\nSPAK zbuloi se Veliaj g\u00ebnjente! Ata jan\u00eb pronar\u00ebt.<br \/>\nSPAK zbuloi edhe p\u00ebrfshirjen e Veliajt n\u00eb k\u00ebt\u00eb afer\u00eb: Propozimi i tij p\u00ebr PPP; K\u00ebmb\u00ebngulja publike p\u00ebr vlefshm\u00ebrin\u00eb e inceneratorit; Firma p\u00ebr t\u00eb marr\u00eb p\u00ebrsip\u00ebr kostot duke anashkaluar K\u00ebshillin Bashkiak;<br \/>\nVendimi i K\u00ebshillit Bashkiak i p\u00ebrgatitur nga Zoto, Refuzimi p\u00ebr t\u00eb ndalur pagesat drejt kompanis\u00eb guask\u00eb n\u00eb Holand\u00eb.<br \/>\nFaktet dol\u00ebn nga hetimet e SPAK. Veliaj duhet t\u00eb jap dor\u00ebheqje.<br \/>\nDor\u00ebheqja nuk mund t\u00eb vij vet\u00ebm n\u00eb rast arrestimi nga SPAK-u!<\/p>\n","protected":false},"excerpt":{"rendered":"<p>Pas lajmit p\u00ebr sekuestrimin e inceneratorit t\u00eb Tiran\u00ebs ka reaguar edhe deputeti i Partis\u00eb Demokratike, Agron Shehaj, i cili k\u00ebrkon dor\u00ebheqjen e Veliaj pas faktimit t\u00eb p\u00ebrfshirjes s\u00eb tij n\u00eb afer\u00ebn e incenerator\u00ebve. Reagimi i Shehajt N\u00eb thelb Veliaj vazhdoi pagesat p\u00ebr inceneratorin e Tiran\u00ebs me pretendimin se pronar\u00eb nuk ishin Zoto dhe M\u00ebrtiri. SPAK [&hellip;]<\/p>\n","protected":false},"author":2,"featured_media":55909,"comment_status":"open","ping_status":"open","sticky":false,"template":"","format":"standard","meta":{"footnotes":""},"categories":[118,9],"tags":[],"class_list":{"0":"post-55908","1":"post","2":"type-post","3":"status-publish","4":"format-standard","5":"has-post-thumbnail","7":"category-kryesore","8":"category-politika"},"_links":{"self":[{"href":"https:\/\/neutrale.al\/index.php\/wp-json\/wp\/v2\/posts\/55908","targetHints":{"allow":["GET"]}}],"collection":[{"href":"https:\/\/neutrale.al\/index.php\/wp-json\/wp\/v2\/posts"}],"about":[{"href":"https:\/\/neutrale.al\/index.php\/wp-json\/wp\/v2\/types\/post"}],"author":[{"embeddable":true,"href":"https:\/\/neutrale.al\/index.php\/wp-json\/wp\/v2\/users\/2"}],"replies":[{"embeddable":true,"href":"https:\/\/neutrale.al\/index.php\/wp-json\/wp\/v2\/comments?post=55908"}],"version-history":[{"count":1,"href":"https:\/\/neutrale.al\/index.php\/wp-json\/wp\/v2\/posts\/55908\/revisions"}],"predecessor-version":[{"id":55910,"href":"https:\/\/neutrale.al\/index.php\/wp-json\/wp\/v2\/posts\/55908\/revisions\/55910"}],"wp:featuredmedia":[{"embeddable":true,"href":"https:\/\/neutrale.al\/index.php\/wp-json\/wp\/v2\/media\/55909"}],"wp:attachment":[{"href":"https:\/\/neutrale.al\/index.php\/wp-json\/wp\/v2\/media?parent=55908"}],"wp:term":[{"taxonomy":"category","embeddable":true,"href":"https:\/\/neutrale.al\/index.php\/wp-json\/wp\/v2\/categories?post=55908"},{"taxonomy":"post_tag","embeddable":true,"href":"https:\/\/neutrale.al\/index.php\/wp-json\/wp\/v2\/tags?post=55908"}],"curies":[{"name":"wp","href":"https:\/\/api.w.org\/{rel}","templated":true}]}}