{"id":55888,"date":"2023-08-02T09:55:20","date_gmt":"2023-08-02T09:55:20","guid":{"rendered":"https:\/\/neutrale.al\/?p=55888"},"modified":"2023-08-02T09:55:20","modified_gmt":"2023-08-02T09:55:20","slug":"zjarret-ne-rodos-iu-prishen-pushimet-qeveria-greke-demshperblen-turistet-me-nje-jave-pushim-falas","status":"publish","type":"post","link":"https:\/\/neutrale.al\/index.php\/2023\/08\/02\/zjarret-ne-rodos-iu-prishen-pushimet-qeveria-greke-demshperblen-turistet-me-nje-jave-pushim-falas\/","title":{"rendered":"Zjarret n\u00eb Rodos iu prish\u00ebn pushimet ! Qeveria Greke d\u00ebmshp\u00ebrblen turist\u00ebt me nj\u00eb jav\u00eb pushim falas"},"content":{"rendered":"<p>Turist\u00ebt t\u00eb cil\u00ebve iu prish\u00ebn pushimet n\u00eb Rodos p\u00ebr shkak t\u00eb zjarreve do t\u00eb d\u00ebmshp\u00ebrblehen me nj\u00eb jav\u00eb pushim falas.<\/p>\n<p>Kryeministri grek, Kyriakos\u00a0Mitsotakis\u00a0tha p\u00ebr kanalin britanik ITV:\u00a0 Qeveria greke, n\u00eb bashk\u00ebpunim me autoritetet lokale,\u00a0do t\u00eb ofroj\u00eb nj\u00eb jav\u00eb pushim falas n\u00eb Rodos\u00a0n\u00eb pranver\u00ebn ose vjesht\u00ebn e ardhshme p\u00ebr t\u00eb gjith\u00eb ata q\u00eb e humb\u00ebn at\u00eb p\u00ebr shkak t\u00eb zjarreve.<\/p>\n<p>Greqia \u00ebsht\u00eb nj\u00eb vend i sigurt, ishte mesazhi i kryeministrit, nd\u00ebrsa sqaroi se turist\u00ebt q\u00eb d\u00ebshirojn\u00eb ta b\u00ebjn\u00eb k\u00ebt\u00eb do t\u00eb mund t\u00eb kthehen n\u00eb Rodos vitin e ardhsh\u00ebm n\u00eb pranver\u00eb p\u00ebr t\u00eb shijuar ishullin dhe bukurit\u00eb e tij.<\/p>\n","protected":false},"excerpt":{"rendered":"<p>Turist\u00ebt t\u00eb cil\u00ebve iu prish\u00ebn pushimet n\u00eb Rodos p\u00ebr shkak t\u00eb zjarreve do t\u00eb d\u00ebmshp\u00ebrblehen me nj\u00eb jav\u00eb pushim falas. Kryeministri grek, Kyriakos\u00a0Mitsotakis\u00a0tha p\u00ebr kanalin britanik ITV:\u00a0 Qeveria greke, n\u00eb bashk\u00ebpunim me autoritetet lokale,\u00a0do t\u00eb ofroj\u00eb nj\u00eb jav\u00eb pushim falas n\u00eb Rodos\u00a0n\u00eb pranver\u00ebn ose vjesht\u00ebn e ardhshme p\u00ebr t\u00eb gjith\u00eb ata q\u00eb e humb\u00ebn at\u00eb [&hellip;]<\/p>\n","protected":false},"author":2,"featured_media":55889,"comment_status":"open","ping_status":"open","sticky":false,"template":"","format":"standard","meta":{"footnotes":""},"categories":[6],"tags":[27],"class_list":{"0":"post-55888","1":"post","2":"type-post","3":"status-publish","4":"format-standard","5":"has-post-thumbnail","7":"category-rajoni","8":"tag-lajme"},"_links":{"self":[{"href":"https:\/\/neutrale.al\/index.php\/wp-json\/wp\/v2\/posts\/55888","targetHints":{"allow":["GET"]}}],"collection":[{"href":"https:\/\/neutrale.al\/index.php\/wp-json\/wp\/v2\/posts"}],"about":[{"href":"https:\/\/neutrale.al\/index.php\/wp-json\/wp\/v2\/types\/post"}],"author":[{"embeddable":true,"href":"https:\/\/neutrale.al\/index.php\/wp-json\/wp\/v2\/users\/2"}],"replies":[{"embeddable":true,"href":"https:\/\/neutrale.al\/index.php\/wp-json\/wp\/v2\/comments?post=55888"}],"version-history":[{"count":1,"href":"https:\/\/neutrale.al\/index.php\/wp-json\/wp\/v2\/posts\/55888\/revisions"}],"predecessor-version":[{"id":55890,"href":"https:\/\/neutrale.al\/index.php\/wp-json\/wp\/v2\/posts\/55888\/revisions\/55890"}],"wp:featuredmedia":[{"embeddable":true,"href":"https:\/\/neutrale.al\/index.php\/wp-json\/wp\/v2\/media\/55889"}],"wp:attachment":[{"href":"https:\/\/neutrale.al\/index.php\/wp-json\/wp\/v2\/media?parent=55888"}],"wp:term":[{"taxonomy":"category","embeddable":true,"href":"https:\/\/neutrale.al\/index.php\/wp-json\/wp\/v2\/categories?post=55888"},{"taxonomy":"post_tag","embeddable":true,"href":"https:\/\/neutrale.al\/index.php\/wp-json\/wp\/v2\/tags?post=55888"}],"curies":[{"name":"wp","href":"https:\/\/api.w.org\/{rel}","templated":true}]}}