{"id":55829,"date":"2023-08-01T12:12:06","date_gmt":"2023-08-01T12:12:06","guid":{"rendered":"https:\/\/neutrale.al\/?p=55829"},"modified":"2023-08-01T12:12:06","modified_gmt":"2023-08-01T12:12:06","slug":"ismail-kadare-nenshtetas-i-kosoves-presidentja-osmani-e-nderuar-nga-personaliteti-i-kombit","status":"publish","type":"post","link":"https:\/\/neutrale.al\/index.php\/2023\/08\/01\/ismail-kadare-nenshtetas-i-kosoves-presidentja-osmani-e-nderuar-nga-personaliteti-i-kombit\/","title":{"rendered":"Ismail Kadare n\u00ebnshtetas i Kosov\u00ebs\/ Presidentja Osmani: E nderuar nga personaliteti i Kombit !"},"content":{"rendered":"<p>Presidentja e Republik\u00ebs s\u00eb Kosov\u00ebs, Vjosa Osmani ka n\u00ebnshkruar shkruar sot dekretin q\u00eb e b\u00ebn shkrimtarin e shquar Ismail Kadare, n\u00ebnshtetas t\u00eb Kosov\u00ebs.<br \/>\nVjosa Osmani n\u00eb motivacion ka sh\u00ebnuar se: Shkrimtari i p\u00ebrmasave bot\u00ebrore ka afirmuar gjuh\u00ebn, kultur\u00ebn dhe vlerat e shqiptar\u00ebve.<br \/>\nPasaporta do t&#8217;i dor\u00ebzohet Kadares\u00eb nga Osmani n\u00eb nj\u00eb vizit\u00eb n\u00eb Tiran\u00eb.<\/p>\n","protected":false},"excerpt":{"rendered":"<p>Presidentja e Republik\u00ebs s\u00eb Kosov\u00ebs, Vjosa Osmani ka n\u00ebnshkruar shkruar sot dekretin q\u00eb e b\u00ebn shkrimtarin e shquar Ismail Kadare, n\u00ebnshtetas t\u00eb Kosov\u00ebs. Vjosa Osmani n\u00eb motivacion ka sh\u00ebnuar se: Shkrimtari i p\u00ebrmasave bot\u00ebrore ka afirmuar gjuh\u00ebn, kultur\u00ebn dhe vlerat e shqiptar\u00ebve. Pasaporta do t&#8217;i dor\u00ebzohet Kadares\u00eb nga Osmani n\u00eb nj\u00eb vizit\u00eb n\u00eb Tiran\u00eb.<\/p>\n","protected":false},"author":2,"featured_media":55830,"comment_status":"open","ping_status":"open","sticky":false,"template":"","format":"standard","meta":{"footnotes":""},"categories":[6],"tags":[27],"class_list":{"0":"post-55829","1":"post","2":"type-post","3":"status-publish","4":"format-standard","5":"has-post-thumbnail","7":"category-rajoni","8":"tag-lajme"},"_links":{"self":[{"href":"https:\/\/neutrale.al\/index.php\/wp-json\/wp\/v2\/posts\/55829","targetHints":{"allow":["GET"]}}],"collection":[{"href":"https:\/\/neutrale.al\/index.php\/wp-json\/wp\/v2\/posts"}],"about":[{"href":"https:\/\/neutrale.al\/index.php\/wp-json\/wp\/v2\/types\/post"}],"author":[{"embeddable":true,"href":"https:\/\/neutrale.al\/index.php\/wp-json\/wp\/v2\/users\/2"}],"replies":[{"embeddable":true,"href":"https:\/\/neutrale.al\/index.php\/wp-json\/wp\/v2\/comments?post=55829"}],"version-history":[{"count":1,"href":"https:\/\/neutrale.al\/index.php\/wp-json\/wp\/v2\/posts\/55829\/revisions"}],"predecessor-version":[{"id":55831,"href":"https:\/\/neutrale.al\/index.php\/wp-json\/wp\/v2\/posts\/55829\/revisions\/55831"}],"wp:featuredmedia":[{"embeddable":true,"href":"https:\/\/neutrale.al\/index.php\/wp-json\/wp\/v2\/media\/55830"}],"wp:attachment":[{"href":"https:\/\/neutrale.al\/index.php\/wp-json\/wp\/v2\/media?parent=55829"}],"wp:term":[{"taxonomy":"category","embeddable":true,"href":"https:\/\/neutrale.al\/index.php\/wp-json\/wp\/v2\/categories?post=55829"},{"taxonomy":"post_tag","embeddable":true,"href":"https:\/\/neutrale.al\/index.php\/wp-json\/wp\/v2\/tags?post=55829"}],"curies":[{"name":"wp","href":"https:\/\/api.w.org\/{rel}","templated":true}]}}