{"id":5582,"date":"2022-06-14T09:24:17","date_gmt":"2022-06-14T09:24:17","guid":{"rendered":"https:\/\/neutrale.al\/?p=5582"},"modified":"2022-06-14T09:24:17","modified_gmt":"2022-06-14T09:24:17","slug":"ish-kryebashkiaku-i-vores-vjen-nga-klani-i-vangjush-dakos-gazetari-ferdinand-dervishi-akuzon","status":"publish","type":"post","link":"https:\/\/neutrale.al\/index.php\/2022\/06\/14\/ish-kryebashkiaku-i-vores-vjen-nga-klani-i-vangjush-dakos-gazetari-ferdinand-dervishi-akuzon\/","title":{"rendered":"Ish-kryebashkiaku i Vor\u00ebs vjen nga klani i Vangjush Dakos. Gazetari Ferdinand Dervishi akuzon&#8230;"},"content":{"rendered":"<p>N\u00eb emisionin &#8220;Open&#8221; t\u00eb drejtuar nga Eni Vasili, mbr\u00ebmjen e s\u00eb h\u00ebn\u00ebs, gazetari Ferdinand Dervishi ka b\u00ebr\u00eb nj\u00eb deklarat\u00eb shum\u00eb akuzuese p\u00ebr arrestimin e ish-kryebashkiakut t\u00eb Vor\u00ebs, Agim Kajmaku n\u00eb Itali, ku thot\u00eb se ai vjen \u201cnga klani i Vangjush Dakos\u201d.<br \/>\nSipas tij k\u00ebta jan\u00eb \u201ctipa q\u00eb vijn\u00eb nga bota e krimit dhe jan\u00eb futur n\u00eb politik\u00eb si tampon p\u00ebr t\u00eb mos pasur kjo e fundit kontakt t\u00eb drejtp\u00ebrdrejte me krimin\u201d. <\/p>\n<p>Biseda n\u00eb studio: <\/p>\n<p>Eni Vasili: Kemi shenja q\u00eb ky aktivitet i Kajmakut ka nisur para kandidimit t\u00eb tij, n\u00eb 2019? <\/p>\n<p>Ferdinand Dervishi: Po t\u00eb shoh\u00ebsh prej nga vjen, ky vjen nga \u201cklani\u201d i Vangjush Dakos, dhe gjith\u00eb kjo histori e kryebashkiak\u00ebve me probleme, qoft\u00eb ish-deputet\u00eb me probleme penale, ka lidhje me zgjedhjet e 2013, kur ata q\u00eb jan\u00eb n\u00eb pushtet aktualisht, shkuan me sloganin \u201cAleanc\u00eb dhe me djallin, mjaft t\u00eb shembim Berish\u00ebn\u201d. N\u00eb k\u00ebt\u00eb periudh\u00eb u b\u00eb ajo si t\u00eb thuash marr\u00ebveshja me krimin, kjo ka fillua dhe m\u00eb par\u00eb q\u00eb n\u00eb 1996, por mendoj se marr\u00ebveshja me krimin ka nisur n\u00eb 2013.<br \/>\nMua m\u00eb rezulton q\u00eb n\u00eb k\u00ebt\u00eb periudh\u00eb, q\u00eb p\u00ebr t\u00eb mos patur kontakt politika drejtp\u00ebrdrejt me krimin, jan\u00eb p\u00ebrzgjedhur disa tipa, nj\u00eb shtres\u00ebzim i nd\u00ebrmjet\u00ebm me Dakon e t\u00eb tjer\u00eb,\u00a0 t\u00eb cil\u00ebt q\u00eb t\u00eb gjith\u00eb jan\u00eb non-grata aktualisht, t\u00eb cil\u00ebt b\u00ebnin realizmin e krimit me politik\u00ebn, dhe secili duke pas klanin e tij, b\u00ebnin raportimin tek mazhoranca duke th\u00ebn\u00eb q\u00eb ky njeriu duhet t\u00eb vej\u00eb, p\u00ebr shembull Dako mund ta ket\u00eb propozuar Kajmakun t\u00eb vej\u00eb kryetar n\u00eb Vor\u00eb, sepse shikoj q\u00eb nuk \u00ebsht\u00eb vet\u00ebm Kajmaku n\u00eb k\u00ebt\u00eb linj\u00eb, por dhe nj\u00eb Afrim Bakaj, q\u00eb ka qen\u00eb kreu i AKU, pra n\u00eb linj\u00ebn e njer\u00ebzve t\u00eb Dakos\u2026. vjen dhe nj\u00eb Kajmaku tjet\u00ebr, Lavd\u00ebrim mos gaboj, i cili ka qen\u00eb shef kabineti i agjencis\u00eb komb\u00ebtare t\u00eb ushqimit me tre klas\u00eb shkoll\u00eb, pra n\u00eb momentin u b\u00eb ky pakti me krimin, u nda dhe pushteti me krimin, dhe vijn\u00eb k\u00ebto njer\u00ebz q\u00eb ne i shohim, q\u00eb nuk e di un\u00eb e ti se nga vjen, pra jan\u00eb njer\u00ebz q\u00eb kan\u00eb premtuar dhe korrur vota n\u00eb Durr\u00ebs. Kjo \u00ebsht\u00eb si prejardhje.<br \/>\nTjet\u00ebr\u2026 njihet si njeriu i palmave q\u00eb u than\u00eb, pra palmat\u00a0 q\u00eb u than\u00eb n\u00eb Durr\u00ebs, ia ka shitur ai shtetit. <\/p>\n<p>Jan\u00eb njer\u00ebz pa asnj\u00eb atribut, por q\u00eb dyshohet se jan\u00eb n\u00eb lidhje t\u00eb krimit, t\u00eb futur n\u00eb politik\u00eb p\u00ebrmes Dakos me at\u00eb tamponin p\u00ebr t\u00eb mos b\u00ebr\u00eb politika direkt kontakt me krimin. <\/p>\n<p>P\u00ebrderisa u kap me 20 kg drog\u00eb, u shpall n\u00eb k\u00ebrkim sepse ekzekutoi vepra penale, vinte nga nj\u00eb problem n\u00eb Greqi, e gjith\u00eb linja e tij duke e kompromentuar, dhe un\u00eb kam arsye t\u00eb dyshoj se ai vjen nga bota e krimit dhe kjo duhet t\u00eb na shqet\u00ebsoj\u00eb.<\/p>\n","protected":false},"excerpt":{"rendered":"<p>N\u00eb emisionin &#8220;Open&#8221; t\u00eb drejtuar nga Eni Vasili, mbr\u00ebmjen e s\u00eb h\u00ebn\u00ebs, gazetari Ferdinand Dervishi ka b\u00ebr\u00eb nj\u00eb deklarat\u00eb shum\u00eb akuzuese p\u00ebr arrestimin e ish-kryebashkiakut t\u00eb Vor\u00ebs, Agim Kajmaku n\u00eb Itali, ku thot\u00eb se ai vjen \u201cnga klani i Vangjush Dakos\u201d. Sipas tij k\u00ebta jan\u00eb \u201ctipa q\u00eb vijn\u00eb nga bota e krimit dhe jan\u00eb futur [&hellip;]<\/p>\n","protected":false},"author":2,"featured_media":5583,"comment_status":"open","ping_status":"open","sticky":false,"template":"","format":"standard","meta":{"footnotes":""},"categories":[118,9],"tags":[27],"class_list":{"0":"post-5582","1":"post","2":"type-post","3":"status-publish","4":"format-standard","5":"has-post-thumbnail","7":"category-kryesore","8":"category-politika","9":"tag-lajme"},"_links":{"self":[{"href":"https:\/\/neutrale.al\/index.php\/wp-json\/wp\/v2\/posts\/5582","targetHints":{"allow":["GET"]}}],"collection":[{"href":"https:\/\/neutrale.al\/index.php\/wp-json\/wp\/v2\/posts"}],"about":[{"href":"https:\/\/neutrale.al\/index.php\/wp-json\/wp\/v2\/types\/post"}],"author":[{"embeddable":true,"href":"https:\/\/neutrale.al\/index.php\/wp-json\/wp\/v2\/users\/2"}],"replies":[{"embeddable":true,"href":"https:\/\/neutrale.al\/index.php\/wp-json\/wp\/v2\/comments?post=5582"}],"version-history":[{"count":1,"href":"https:\/\/neutrale.al\/index.php\/wp-json\/wp\/v2\/posts\/5582\/revisions"}],"predecessor-version":[{"id":5584,"href":"https:\/\/neutrale.al\/index.php\/wp-json\/wp\/v2\/posts\/5582\/revisions\/5584"}],"wp:featuredmedia":[{"embeddable":true,"href":"https:\/\/neutrale.al\/index.php\/wp-json\/wp\/v2\/media\/5583"}],"wp:attachment":[{"href":"https:\/\/neutrale.al\/index.php\/wp-json\/wp\/v2\/media?parent=5582"}],"wp:term":[{"taxonomy":"category","embeddable":true,"href":"https:\/\/neutrale.al\/index.php\/wp-json\/wp\/v2\/categories?post=5582"},{"taxonomy":"post_tag","embeddable":true,"href":"https:\/\/neutrale.al\/index.php\/wp-json\/wp\/v2\/tags?post=5582"}],"curies":[{"name":"wp","href":"https:\/\/api.w.org\/{rel}","templated":true}]}}