{"id":55752,"date":"2023-07-31T17:08:12","date_gmt":"2023-07-31T17:08:12","guid":{"rendered":"https:\/\/neutrale.al\/?p=55752"},"modified":"2023-07-31T17:08:12","modified_gmt":"2023-07-31T17:08:12","slug":"danimarka-deshiron-te-ndaloje-djegien-e-kuranit-ka-dialog-te-ngushte-me-suedine","status":"publish","type":"post","link":"https:\/\/neutrale.al\/index.php\/2023\/07\/31\/danimarka-deshiron-te-ndaloje-djegien-e-kuranit-ka-dialog-te-ngushte-me-suedine\/","title":{"rendered":"Danimarka d\u00ebshiron t\u00eb ndaloj\u00eb djegien e Kuranit &#8211; ka dialog t\u00eb ngusht\u00eb me Suedin\u00eb"},"content":{"rendered":"<p>Kryeministri Kristersson: &#8220;Situata \u00ebsht\u00eb e rrezikshme&#8221;<br \/>\n\u2022 Turqia k\u00ebrkon masa <\/p>\n<p>\u2022 Ministria e Jashtme n\u00eb organizimin e kriz\u00ebs<\/p>\n<p>Danimarka \u00ebsht\u00eb gati t\u00eb ndaloj\u00eb djegien e Kuranit jasht\u00eb ambasadave t\u00eb huaja \u2013 dhe tani po k\u00ebrkon mjetet e duhura ligjore, raporton radioja e Danimark\u00ebs.<\/p>\n<p>N\u00eb t\u00eb nj\u00ebjt\u00ebn koh\u00eb, kryeministri Ulf Kristersson (M) thot\u00eb se ka pasur nj\u00eb dialog t\u00eb ngusht\u00eb me kryeministren e Danimark\u00ebs Mette Frederiksen p\u00ebr kriz\u00ebn e Kuranit gjat\u00eb fundjav\u00ebs.<br \/>\n\u201cSituata \u00ebsht\u00eb e rrezikshme dhe nevojiten masa p\u00ebr t\u00eb forcuar q\u00ebndrueshm\u00ebrin\u00eb ton\u00eb\u201d, shkruan Kristersson.<\/p>\n<p>Qeveria daneze \u00ebsht\u00eb gati t\u00eb kufizoj\u00eb djegien e Kuranit jasht\u00eb ambasadave t\u00eb huaja.<\/p>\n<p>Sipas ministrit t\u00eb Jasht\u00ebm danez Lars L\u00f8kke Rasmussen, qeveria ka vendosur t\u00eb shikoj\u00eb se si t\u00eb gjej\u00eb nj\u00eb mjet ligjor q\u00eb mund t\u00eb parandaloj\u00eb djegien e Kuranit. Ai nuk beson se liria e shprehjes rrezikohet t\u00eb komprometohet, edhe n\u00ebse detyra do t\u00eb jet\u00eb e v\u00ebshtir\u00eb.<\/p>\n<p>&#8211; Ne nuk kemi liri t\u00eb plot\u00eb t\u00eb fjal\u00ebs. Ka kufij p\u00ebr at\u00eb q\u00eb mund t\u00eb thuhet. Por duhet t\u00eb ket\u00eb vend p\u00ebr kritika fetare.<\/p>\n<p>Gjat\u00eb t\u00eb diel\u00ebs, sipas Rasmussen, ka pasur pes\u00eb djegie t\u00eb Kuranit para ambasadave n\u00eb Danimark\u00eb. Shtat\u00eb t\u00eb tjera priten t\u00eb h\u00ebn\u00ebn.<\/p>\n<p>Ka nj\u00eb dialog t\u00eb ngusht\u00eb<\/p>\n<p>N\u00eb nj\u00eb deklarat\u00eb n\u00eb Instagram, Kristersson e p\u00ebrshkruan situat\u00ebn aktuale si situat\u00ebn m\u00eb serioze t\u00eb politik\u00ebs s\u00eb siguris\u00eb q\u00eb nga Lufta e Dyt\u00eb Bot\u00ebrore.<\/p>\n<p>Ai shkruan se Suedia dhe Danimarka kan\u00eb nj\u00eb &#8220;dialog t\u00eb ngusht\u00eb&#8221;, dhe se Suedia ka filluar pun\u00ebn p\u00ebr t\u00eb analizuar situat\u00ebn ligjore n\u00eb m\u00ebnyr\u00eb q\u00eb t\u00eb shqyrtoj\u00eb masat p\u00ebr forcimin e siguris\u00eb. Ligji i Urdh\u00ebres\u00ebs p\u00ebrmendet si shembull.<\/p>\n<p>\u201cSuedia dhe Danimarka jan\u00eb dy nga demokracit\u00eb m\u00eb mir\u00ebfunksionuese n\u00eb bot\u00eb. Ne mbrojm\u00eb lirin\u00eb e shprehjes dhe lirin\u00eb e demonstrimit. Ne kemi nj\u00eb tradit\u00eb t\u00eb fort\u00eb t\u00eb respektimit t\u00eb njer\u00ebzve t\u00eb tjer\u00eb dhe besimeve t\u00eb ndryshme. Liria e fes\u00eb \u00ebsht\u00eb nj\u00eb gur themeli i duksh\u00ebm i shoq\u00ebrive tona.\u201d<\/p>\n<p>Mund t\u00eb marr\u00eb rrug\u00eb t\u00eb ndryshme p\u00ebrpara<\/p>\n<p>Pas dialogut me Frederiksen, Kristersson beson se rruga p\u00ebrpara mund t\u00eb jet\u00eb e ndryshme p\u00ebr t\u00eb dy vendet, por q\u00ebllimi \u00ebsht\u00eb i nj\u00ebjt\u00eb.<\/p>\n<p>\u201cTani po b\u00ebjm\u00eb t\u00eb nj\u00ebjt\u00ebn analiz\u00eb: se situata \u00ebsht\u00eb e rrezikshme dhe se nevojiten masa p\u00ebr t\u00eb forcuar q\u00ebndrueshm\u00ebrin\u00eb ton\u00eb\u201d.<\/p>\n<p>M\u00eb her\u00ebt t\u00eb diel\u00ebn, ministri i jasht\u00ebm danez Lars L\u00f8kke Rasmussen shkroi n\u00eb X se Parlamenti danez do t\u00eb ket\u00eb nj\u00eb mbledhje t\u00eb jasht\u00ebzakonshme t\u00eb h\u00ebn\u00ebn n\u00eb lidhje me kriz\u00ebn e Kuranit.<\/p>\n<p>Studiuesi i terrorit: K\u00ebrc\u00ebnimi p\u00ebr Suedin\u00eb ka qen\u00eb shum\u00eb m\u00eb i madh se tani<\/p>\n<p>Studiuesi i terrorit: K\u00ebrc\u00ebnimi p\u00ebr Suedin\u00eb ka qen\u00eb shum\u00eb m\u00eb i madh se tani<br \/>\nMinistria e Pun\u00ebve t\u00eb Jashtme n\u00eb organizimin e kriz\u00ebs<\/p>\n<p>N\u00eb Suedi, nj\u00eb djegie e re e Kuranit \u00ebsht\u00eb planifikuar t\u00eb b\u00ebhet t\u00eb h\u00ebn\u00ebn. K\u00ebt\u00eb her\u00eb \u00ebsht\u00eb planifikuar t\u00eb zhvillohet n\u00eb Mynttorget n\u00eb qend\u00ebr t\u00eb Stokholmit &#8211; pik\u00ebrisht jasht\u00eb Riksdag t\u00eb Suedis\u00eb.<\/p>\n<p>Ministria e Pun\u00ebve t\u00eb Jashtme suedeze ka filluar pun\u00ebn n\u00eb nj\u00eb organizat\u00eb krize t\u00eb shtun\u00ebn, transmeton Expressen. &#8220;Nj\u00ebsit\u00eb dhe funksionet e interesuara n\u00eb ministri jan\u00eb gati gjat\u00eb gjith\u00eb koh\u00ebs p\u00ebr t\u00eb ofruar mb\u00ebshtetje n\u00eb p\u00ebrgatitjet e krizave dhe autoriteteve tona t\u00eb huaja,&#8221; shkruan p\u00ebr Exepressen komunikuesja e shtypit Hanna Johansen.<\/p>\n<p>Turqia k\u00ebrkon \u201cmasa konkrete\u201d<\/p>\n<p>T\u00eb diel\u00ebn pasdite, ministri i Jasht\u00ebm turk Hakan Fidan k\u00ebrkoi &#8220;masa konkrete&#8221; nga Suedia p\u00ebr t\u00eb ndaluar djegien e Kuranit, njoftoi agjencia e lajmeve Reuters.<\/p>\n<p>K\u00ebrkesat duhet t&#8217;i jen\u00eb paraqitur ministrit t\u00eb Jasht\u00ebm t\u00eb Suedis\u00eb, Tobias Billstr\u00f6m (M). Ai gjithashtu thuhet t\u00eb ket\u00eb th\u00ebn\u00eb se vendi nuk e pranon lirin\u00eb e shprehjes si justifikim p\u00ebr djegien e Kuranit.<\/p>\n<p>P\u00ebrve\u00e7 k\u00ebsaj, gjat\u00eb bised\u00ebs thuhet se \u00ebsht\u00eb diskutuar edhe p\u00ebr aplikimin e Suedis\u00eb n\u00eb NATO.<br \/>\nN\u00eb foto kryeministri i Suedis\u00eb dhe kryeministrja e Danimark\u00ebs, mes tyre fragment nga djegia e Kuranit<\/p>\n","protected":false},"excerpt":{"rendered":"<p>Kryeministri Kristersson: &#8220;Situata \u00ebsht\u00eb e rrezikshme&#8221; \u2022 Turqia k\u00ebrkon masa \u2022 Ministria e Jashtme n\u00eb organizimin e kriz\u00ebs Danimarka \u00ebsht\u00eb gati t\u00eb ndaloj\u00eb djegien e Kuranit jasht\u00eb ambasadave t\u00eb huaja \u2013 dhe tani po k\u00ebrkon mjetet e duhura ligjore, raporton radioja e Danimark\u00ebs. N\u00eb t\u00eb nj\u00ebjt\u00ebn koh\u00eb, kryeministri Ulf Kristersson (M) thot\u00eb se ka pasur [&hellip;]<\/p>\n","protected":false},"author":2,"featured_media":55753,"comment_status":"open","ping_status":"open","sticky":false,"template":"","format":"standard","meta":{"footnotes":""},"categories":[12],"tags":[27],"class_list":{"0":"post-55752","1":"post","2":"type-post","3":"status-publish","4":"format-standard","5":"has-post-thumbnail","7":"category-bota","8":"tag-lajme"},"_links":{"self":[{"href":"https:\/\/neutrale.al\/index.php\/wp-json\/wp\/v2\/posts\/55752","targetHints":{"allow":["GET"]}}],"collection":[{"href":"https:\/\/neutrale.al\/index.php\/wp-json\/wp\/v2\/posts"}],"about":[{"href":"https:\/\/neutrale.al\/index.php\/wp-json\/wp\/v2\/types\/post"}],"author":[{"embeddable":true,"href":"https:\/\/neutrale.al\/index.php\/wp-json\/wp\/v2\/users\/2"}],"replies":[{"embeddable":true,"href":"https:\/\/neutrale.al\/index.php\/wp-json\/wp\/v2\/comments?post=55752"}],"version-history":[{"count":1,"href":"https:\/\/neutrale.al\/index.php\/wp-json\/wp\/v2\/posts\/55752\/revisions"}],"predecessor-version":[{"id":55754,"href":"https:\/\/neutrale.al\/index.php\/wp-json\/wp\/v2\/posts\/55752\/revisions\/55754"}],"wp:featuredmedia":[{"embeddable":true,"href":"https:\/\/neutrale.al\/index.php\/wp-json\/wp\/v2\/media\/55753"}],"wp:attachment":[{"href":"https:\/\/neutrale.al\/index.php\/wp-json\/wp\/v2\/media?parent=55752"}],"wp:term":[{"taxonomy":"category","embeddable":true,"href":"https:\/\/neutrale.al\/index.php\/wp-json\/wp\/v2\/categories?post=55752"},{"taxonomy":"post_tag","embeddable":true,"href":"https:\/\/neutrale.al\/index.php\/wp-json\/wp\/v2\/tags?post=55752"}],"curies":[{"name":"wp","href":"https:\/\/api.w.org\/{rel}","templated":true}]}}