{"id":55740,"date":"2023-07-31T16:43:53","date_gmt":"2023-07-31T16:43:53","guid":{"rendered":"https:\/\/neutrale.al\/?p=55740"},"modified":"2023-07-31T16:43:53","modified_gmt":"2023-07-31T16:43:53","slug":"el-salvador-cdo-1-ne-100-banore-jane-te-mbyllur-ketu-vendi-eshte-ne-lufte-ne-shkalle-te-plote-kunder-bandave","status":"publish","type":"post","link":"https:\/\/neutrale.al\/index.php\/2023\/07\/31\/el-salvador-cdo-1-ne-100-banore-jane-te-mbyllur-ketu-vendi-eshte-ne-lufte-ne-shkalle-te-plote-kunder-bandave\/","title":{"rendered":"El Salvador\/ \u00c7do 1 n\u00eb 100 banor\u00eb jan\u00eb t\u00eb mbyllur k\u00ebtu &#8211; vendi \u00ebsht\u00eb n\u00eb luft\u00eb n\u00eb shkall\u00eb t\u00eb plot\u00eb kund\u00ebr bandave"},"content":{"rendered":"<p>Nj\u00eb p\u00ebr qind e popullsis\u00eb s\u00eb vendit \u00ebsht\u00eb mbyllur &#8211; n\u00eb vet\u00ebm nj\u00eb vit. Lufta e El Salvadorit kund\u00ebr bandave e ka b\u00ebr\u00eb presidentin autoritar Nayib Bukele liderin m\u00eb popullor n\u00eb Amerik\u00ebn Latine. Por kritik\u00ebt ngren\u00eb alarmin p\u00ebr abuzime masive ligjore.<\/p>\n<p>Pika e kthes\u00ebs erdhi t\u00eb diel\u00ebn, m\u00eb 27 mars t\u00eb vitit t\u00eb kaluar.<\/p>\n<p>Pas nj\u00eb fundjave me 87 vrasje t\u00eb regjistruara \u2013 jasht\u00ebzakonisht t\u00eb p\u00ebrgjakshme edhe n\u00eb nj\u00eb vend q\u00eb prej koh\u00ebsh kryesonte statistikat e dhun\u00ebs n\u00eb bot\u00eb \u2013 Nayib Bukele shpalli gjendjen e jasht\u00ebzakonshme.<\/p>\n<p>Deri at\u00ebher\u00eb, presidenti kishte qen\u00eb tashm\u00eb n\u00eb gjendje t\u00eb mburrej me nj\u00eb shkall\u00eb t\u00eb reduktuar t\u00eb vrasjeve q\u00eb kur mori detyr\u00ebn n\u00eb 2019. Sukseset q\u00eb dyshohet se jan\u00eb arritur p\u00ebrmes nj\u00eb pakti t\u00eb fsheht\u00eb me krer\u00ebt e bandave.<\/p>\n<p>Me besimin e tij n\u00eb linj\u00eb, Bukele u shpalli nj\u00eb luft\u00eb t\u00eb gjithanshme bandave.<\/p>\n<p>Policia iu dha kompetenca p\u00ebr t\u00eb arrestuar k\u00ebdo q\u00eb dyshohej p\u00ebr lidhje me krimin e organizuar. N\u00eb disa raste, forcat e siguris\u00eb kan\u00eb rrethuar komunitete t\u00eb t\u00ebra, duke shkuar der\u00eb m\u00eb der\u00eb n\u00eb k\u00ebrkim t\u00eb an\u00ebtar\u00ebve t\u00eb dyshuar t\u00eb band\u00ebs.<\/p>\n<p>Deri m\u00eb tani jan\u00eb arrestuar mbi 71 mij\u00eb persona.<\/p>\n<p>Kjo korrespondon me nj\u00eb p\u00ebr qind t\u00eb popullsis\u00eb s\u00eb vendit \u2013 ose rreth shtat\u00eb p\u00ebr qind t\u00eb t\u00eb gjith\u00eb djemve dhe t\u00eb rinjve adoleshent\u00eb salvadoran\u00eb.<\/p>\n<p>M\u00eb t\u00eb qet\u00eb n\u00eb rrug\u00eb<\/p>\n<p>Qeveria ka nd\u00ebrtuar nj\u00eb burg t\u00eb ri me nj\u00eb kapacitet p\u00ebr 40,000 t\u00eb burgosur. Parlamenti ka miratuar gjyqet masive ku qindra t\u00eb arrestuar mund t\u00eb gjykohen n\u00eb grup. D\u00ebnimi maksimal p\u00ebr an\u00ebtar\u00ebsim n\u00eb band\u00eb \u00ebsht\u00eb rritur n\u00eb 45 vjet.<\/p>\n<p>Q\u00ebllimi i deklaruar \u00ebsht\u00eb t\u00eb shtypen bandat.<\/p>\n<p>&#8220;Ne do t\u00eb pastrojm\u00eb vendin ton\u00eb dhe do ta zhdukim k\u00ebt\u00eb murtaj\u00eb,&#8221; shkroi n\u00eb rrjetet sociale n\u00eb maj 42-vje\u00e7ari Bukele, i cili ka nj\u00eb p\u00ebrvoj\u00eb n\u00eb industrin\u00eb e PR.<\/p>\n<p>Dhe taktikat e vij\u00ebs s\u00eb ashp\u00ebr &#8211; t\u00eb pakt\u00ebn deri m\u00eb tani &#8211; kan\u00eb dh\u00ebn\u00eb rezultat.<\/p>\n<p>Bandat &#8220;nuk jan\u00eb m\u00eb aktive n\u00eb rrug\u00ebt e El Salvadorit &#8211; t\u00eb pakt\u00ebn jo si dikur&#8221;, zbuloi faqja investigative e lajmeve El Faro pasi vizitoi 14 vendndodhje n\u00eb vend n\u00eb shkurt. Banor\u00ebt q\u00eb m\u00eb par\u00eb jetonin n\u00ebn k\u00ebrc\u00ebnim t\u00eb vazhduesh\u00ebm tani mund t\u00eb ecin lirsh\u00ebm dhe pronar\u00ebt e bizneseve t\u00eb vogla mund t\u00eb drejtojn\u00eb bizneset e tyre pa u detyruar t\u00eb paguajn\u00eb tarifat e patronazhit<\/p>\n<p>Cmim i larte<\/p>\n<p>Ndryshimi vjen n\u00eb koh\u00eb p\u00ebr zgjedhjet e vitit t\u00eb ardhsh\u00ebm.<\/p>\n<p>Sipas kushtetut\u00ebs, nj\u00eb president mund t\u00eb sh\u00ebrbej\u00eb n\u00eb pushtet p\u00ebr nj\u00eb mandat pes\u00eb-vje\u00e7ar. Por Dhoma Kushtetuese e Gjykat\u00ebs s\u00eb Lart\u00eb, e mbushur me gjyqtar\u00eb pro Bukele, ka vendosur se presidenti mund t\u00eb rikandidoj\u00eb ende.<\/p>\n<p>N\u00eb El Salvador, t\u00eb drejtat themelore nuk jan\u00eb n\u00eb gjendje t\u00eb mir\u00eb. Ekspert\u00ebt paralajm\u00ebrojn\u00eb se presidenti autoritar &#8211; i cili me shaka e ka quajtur veten &#8220;diktatori m\u00eb i lezetsh\u00ebm n\u00eb bot\u00eb&#8221; dhe q\u00eb b\u00ebri em\u00ebr jasht\u00eb vendit p\u00ebr futjen e bitcoin si monedh\u00ebn zyrtare &#8211; ka filluar nj\u00eb shp\u00ebrb\u00ebrje t\u00eb demokracis\u00eb.<\/p>\n<p>Por lufta kund\u00ebr bandave i ka dh\u00ebn\u00eb Bukeles shifra t\u00eb popullaritetit midis 80 dhe 90 p\u00ebrqind.<\/p>\n<p>N\u00eb t\u00eb nj\u00ebjt\u00ebn koh\u00eb, shum\u00eb paguajn\u00eb nj\u00eb \u00e7mim t\u00eb lart\u00eb p\u00ebr suksesin e tij. Mij\u00ebra ankesa jan\u00eb derdhur n\u00eb lidhje me arrestimin e njer\u00ebzve p\u00ebr arsye t\u00eb rreme, duke p\u00ebrmendur nj\u00eb tatuazh, nj\u00eb k\u00ebshill\u00eb anonime ose duke qen\u00eb n\u00eb vendin e gabuar. Grave t\u00eb d\u00ebshp\u00ebruara u \u00ebsht\u00eb dashur t\u00eb k\u00ebrkojn\u00eb m\u00eb kot p\u00ebrgjigje p\u00ebr at\u00eb q\u00eb ndodhi me djemt\u00eb dhe burrat e tyre t\u00eb rr\u00ebmbyer.<\/p>\n<p>&#8220;Mos na shqet\u00ebso&#8221;<\/p>\n<p>Mbi 150 njer\u00ebz kan\u00eb vdekur q\u00eb kur u arrestuan, sipas organizat\u00ebs p\u00ebr t\u00eb drejtat e njeriut Cristosal. Sipas raportit, n\u00eb shum\u00eb raste, trupat kishin shenja torture.<\/p>\n<p>Amerika Latine ka p\u00ebrvoj\u00eb t\u00eb hidhur nga &#8220;luft\u00ebrat&#8221; e m\u00ebparshme kund\u00ebr krimit t\u00eb organizuar. Duart e hekurta kan\u00eb humbur p\u00ebrfundimisht kontrollin e tyre mbi situat\u00ebn kur shkaqet kryesore t\u00eb krimit, si varf\u00ebria, pabarazia dhe korrupsioni, jan\u00eb l\u00ebn\u00eb pas dore dhe vazhdojn\u00eb t&#8217;i shtyjn\u00eb njer\u00ebzit drejt krimit. N\u00eb t\u00eb nj\u00ebjt\u00ebn koh\u00eb kur burgosjet masive dhe abuzimet ligjore forcuan grupe t\u00eb reja.<\/p>\n<p>Bukele hedh posht\u00eb t\u00eb gjitha kritikat.<\/p>\n<p>&#8220;Organizatat e &#8216;t\u00eb drejtave t\u00eb njeriut&#8217; duhet ta din\u00eb se ne do t&#8217;i zhdukim k\u00ebta vras\u00ebs satan\u00eb dhe bashk\u00ebpun\u00ebtor\u00ebt e tyre, do t&#8217;i hedhim n\u00eb burg dhe ata nuk do t\u00eb dalin kurr\u00eb,&#8221; shkruan ai n\u00eb X, dikur Twitter.<\/p>\n","protected":false},"excerpt":{"rendered":"<p>Nj\u00eb p\u00ebr qind e popullsis\u00eb s\u00eb vendit \u00ebsht\u00eb mbyllur &#8211; n\u00eb vet\u00ebm nj\u00eb vit. Lufta e El Salvadorit kund\u00ebr bandave e ka b\u00ebr\u00eb presidentin autoritar Nayib Bukele liderin m\u00eb popullor n\u00eb Amerik\u00ebn Latine. Por kritik\u00ebt ngren\u00eb alarmin p\u00ebr abuzime masive ligjore. Pika e kthes\u00ebs erdhi t\u00eb diel\u00ebn, m\u00eb 27 mars t\u00eb vitit t\u00eb kaluar. Pas [&hellip;]<\/p>\n","protected":false},"author":2,"featured_media":55741,"comment_status":"open","ping_status":"open","sticky":false,"template":"","format":"standard","meta":{"footnotes":""},"categories":[12],"tags":[27],"class_list":{"0":"post-55740","1":"post","2":"type-post","3":"status-publish","4":"format-standard","5":"has-post-thumbnail","7":"category-bota","8":"tag-lajme"},"_links":{"self":[{"href":"https:\/\/neutrale.al\/index.php\/wp-json\/wp\/v2\/posts\/55740","targetHints":{"allow":["GET"]}}],"collection":[{"href":"https:\/\/neutrale.al\/index.php\/wp-json\/wp\/v2\/posts"}],"about":[{"href":"https:\/\/neutrale.al\/index.php\/wp-json\/wp\/v2\/types\/post"}],"author":[{"embeddable":true,"href":"https:\/\/neutrale.al\/index.php\/wp-json\/wp\/v2\/users\/2"}],"replies":[{"embeddable":true,"href":"https:\/\/neutrale.al\/index.php\/wp-json\/wp\/v2\/comments?post=55740"}],"version-history":[{"count":1,"href":"https:\/\/neutrale.al\/index.php\/wp-json\/wp\/v2\/posts\/55740\/revisions"}],"predecessor-version":[{"id":55742,"href":"https:\/\/neutrale.al\/index.php\/wp-json\/wp\/v2\/posts\/55740\/revisions\/55742"}],"wp:featuredmedia":[{"embeddable":true,"href":"https:\/\/neutrale.al\/index.php\/wp-json\/wp\/v2\/media\/55741"}],"wp:attachment":[{"href":"https:\/\/neutrale.al\/index.php\/wp-json\/wp\/v2\/media?parent=55740"}],"wp:term":[{"taxonomy":"category","embeddable":true,"href":"https:\/\/neutrale.al\/index.php\/wp-json\/wp\/v2\/categories?post=55740"},{"taxonomy":"post_tag","embeddable":true,"href":"https:\/\/neutrale.al\/index.php\/wp-json\/wp\/v2\/tags?post=55740"}],"curies":[{"name":"wp","href":"https:\/\/api.w.org\/{rel}","templated":true}]}}