{"id":55663,"date":"2023-07-31T09:28:00","date_gmt":"2023-07-31T09:28:00","guid":{"rendered":"https:\/\/neutrale.al\/?p=55663"},"modified":"2023-07-31T09:28:00","modified_gmt":"2023-07-31T09:28:00","slug":"tirane-57-vjecari-dhunon-gruan-dhe-djalin-arrestohet","status":"publish","type":"post","link":"https:\/\/neutrale.al\/index.php\/2023\/07\/31\/tirane-57-vjecari-dhunon-gruan-dhe-djalin-arrestohet\/","title":{"rendered":"Tiran\u00eb\/ 57 vje\u00e7ari dhunon gruan dhe djalin, arrestohet"},"content":{"rendered":"<p>Nj\u00eb 57-vje\u00e7ar \u00ebsht\u00eb arrestuar nga Policia, pasi akuzohet p\u00ebr dhun\u00eb n\u00eb familje.<\/p>\n<p>Blut\u00eb b\u00ebjn\u00eb me dije se n\u00eb pranga ka r\u00ebn\u00eb shtetasi me inicilale, R.A, pasi ka dhunuar gruan dhe djalin.<\/p>\n<p>\u00a0\u201cSpecialist\u00ebt p\u00ebr Hetimin e Krimeve t\u00eb Komisariatit t\u00eb Policis\u00eb Nr. 6 arrestuan shtetasin R. A., 57 vje\u00e7, banues n\u00eb Tiran\u00eb, pasi ka ushtruar dhun\u00eb ndaj bashk\u00ebshortes s\u00eb tij dhe djalit t\u00eb tyre\u201d,\u00a0thuhet n\u00eb njoftimin e policis\u00eb.<\/p>\n<p>Gjithashtu b\u00ebhet me dije se \u00ebsht\u00eb ndaluar edhe nj\u00eb 55 vje\u00e7ar i cili ishte d\u00ebnuar m\u00eb par\u00eb me nj\u00eb vit burg p\u00ebr dhun\u00eb n\u00eb familje.<\/p>\n<p>\u201cSpecialist\u00ebt p\u00ebr Hetimin e Krimeve t\u00eb Komisariatit t\u00eb Policis\u00eb Nr. 1 ndaluan shtetasin N. D., 55 vje\u00e7, banues n\u00eb fshatin Lund\u00ebr, Tiran\u00eb, pasi Gjykata e Apelit t\u00eb Juridiksionit t\u00eb P\u00ebrgjithsh\u00ebm Tiran\u00eb e ka d\u00ebnuar me 1 vit burgim, p\u00ebr vepr\u00ebn penale \u201cDhuna n\u00eb familje\u201d\u201d, thuhet n\u00eb njoftimin e policis\u00eb<\/p>\n","protected":false},"excerpt":{"rendered":"<p>Nj\u00eb 57-vje\u00e7ar \u00ebsht\u00eb arrestuar nga Policia, pasi akuzohet p\u00ebr dhun\u00eb n\u00eb familje. Blut\u00eb b\u00ebjn\u00eb me dije se n\u00eb pranga ka r\u00ebn\u00eb shtetasi me inicilale, R.A, pasi ka dhunuar gruan dhe djalin. \u00a0\u201cSpecialist\u00ebt p\u00ebr Hetimin e Krimeve t\u00eb Komisariatit t\u00eb Policis\u00eb Nr. 6 arrestuan shtetasin R. A., 57 vje\u00e7, banues n\u00eb Tiran\u00eb, pasi ka ushtruar dhun\u00eb [&hellip;]<\/p>\n","protected":false},"author":2,"featured_media":55664,"comment_status":"open","ping_status":"open","sticky":false,"template":"","format":"standard","meta":{"footnotes":""},"categories":[117],"tags":[27],"class_list":{"0":"post-55663","1":"post","2":"type-post","3":"status-publish","4":"format-standard","5":"has-post-thumbnail","7":"category-aktualitet","8":"tag-lajme"},"_links":{"self":[{"href":"https:\/\/neutrale.al\/index.php\/wp-json\/wp\/v2\/posts\/55663","targetHints":{"allow":["GET"]}}],"collection":[{"href":"https:\/\/neutrale.al\/index.php\/wp-json\/wp\/v2\/posts"}],"about":[{"href":"https:\/\/neutrale.al\/index.php\/wp-json\/wp\/v2\/types\/post"}],"author":[{"embeddable":true,"href":"https:\/\/neutrale.al\/index.php\/wp-json\/wp\/v2\/users\/2"}],"replies":[{"embeddable":true,"href":"https:\/\/neutrale.al\/index.php\/wp-json\/wp\/v2\/comments?post=55663"}],"version-history":[{"count":1,"href":"https:\/\/neutrale.al\/index.php\/wp-json\/wp\/v2\/posts\/55663\/revisions"}],"predecessor-version":[{"id":55665,"href":"https:\/\/neutrale.al\/index.php\/wp-json\/wp\/v2\/posts\/55663\/revisions\/55665"}],"wp:featuredmedia":[{"embeddable":true,"href":"https:\/\/neutrale.al\/index.php\/wp-json\/wp\/v2\/media\/55664"}],"wp:attachment":[{"href":"https:\/\/neutrale.al\/index.php\/wp-json\/wp\/v2\/media?parent=55663"}],"wp:term":[{"taxonomy":"category","embeddable":true,"href":"https:\/\/neutrale.al\/index.php\/wp-json\/wp\/v2\/categories?post=55663"},{"taxonomy":"post_tag","embeddable":true,"href":"https:\/\/neutrale.al\/index.php\/wp-json\/wp\/v2\/tags?post=55663"}],"curies":[{"name":"wp","href":"https:\/\/api.w.org\/{rel}","templated":true}]}}