{"id":55602,"date":"2023-07-30T11:01:54","date_gmt":"2023-07-30T11:01:54","guid":{"rendered":"https:\/\/neutrale.al\/?p=55602"},"modified":"2023-07-30T11:01:54","modified_gmt":"2023-07-30T11:01:54","slug":"himare-perleshje-ne-grup-me-arme-zjarri-2-te-arrestuar-njeri-ne-kerkim-dy-te-tjere-te-proceduar-kapet-arsenal-armesh","status":"publish","type":"post","link":"https:\/\/neutrale.al\/index.php\/2023\/07\/30\/himare-perleshje-ne-grup-me-arme-zjarri-2-te-arrestuar-njeri-ne-kerkim-dy-te-tjere-te-proceduar-kapet-arsenal-armesh\/","title":{"rendered":"Himar\u00eb\/ P\u00ebrleshje n\u00eb grup me arm\u00eb zjarri, 2 t\u00eb arrestuar, nj\u00ebri n\u00eb k\u00ebrkim, dy t\u00eb tjer\u00eb t\u00eb proceduar. Kapet arsenal arm\u00ebsh"},"content":{"rendered":"<p>Detajet e konfliktit dhe operacionit policor:<\/p>\n<p>Finalizohet nga Komisariati i Policis\u00eb Himar\u00eb, operacioni policor i koduar \u201cBuneci\u201d. <\/p>\n<p>U konfiltuan fizikisht n\u00eb ambientet e nj\u00eb lokali, p\u00ebr motive t\u00eb dob\u00ebta, dhe q\u00eblluan n\u00eb aj\u00ebr me arm\u00eb zjarri, fal\u00eb veprimeve t\u00eb shpejta hetimore, Policia identifikohen t\u00eb gjith\u00eb shtetasit e p\u00ebrfshir\u00eb n\u00eb k\u00ebt\u00eb konflikt. <\/p>\n<p>2 prej tyre jan\u00eb v\u00ebn\u00eb n\u00eb pranga, 2 jan\u00eb proceduar n\u00eb gjendje t\u00eb lir\u00eb, nd\u00ebrsa 1 \u00ebsht\u00eb shpallur n\u00eb k\u00ebrkim. <\/p>\n<p>Sekuestrohen 2 arm\u00eb gjahu, 1 kreh\u00ebr arme zjarri pistolet\u00eb, 1 shenjest\u00ebr optike p\u00ebr snajper, 1 automjet dhe 1 aparat celular.<\/p>\n<p>Sh\u00ebrbimet e Komisariatit t\u00eb Policis\u00eb Himar\u00eb, dit\u00ebn e djeshme, pas marrjes s\u00eb njoftimit se n\u00eb nj\u00eb lokal n\u00eb plazhi e Bunecit, n\u00eb Himar\u00eb, disa shtetas ishin konfliktuar fizikisht dhe kishin q\u00eblluar me arm\u00eb zjarri n\u00eb aj\u00ebr, kan\u00eb organizuar menj\u00ebher\u00eb pun\u00ebn me q\u00ebllim zbardhjen e plot\u00eb t\u00eb ngjarjes, identifikimin dhe v\u00ebnien p\u00ebrpara p\u00ebrgjegj\u00ebsis\u00eb ligjore t\u00eb t\u00eb gjith\u00eb shtetasve t\u00eb p\u00ebrfshir\u00eb n\u00eb k\u00ebt\u00eb konflikt. Fal\u00eb veprimeve t\u00eb shpejta hetimore u b\u00eb i mundur finalizimi i operacionit policor t\u00eb koduar \u201cBuneci\u201d, n\u00eb kuad\u00ebr t\u00eb cilit u b\u00eb arrestimi n\u00eb flagranc\u00eb i shtetasve:<\/p>\n<p>-E. V., 42 vje\u00e7, banues n\u00eb Himar\u00eb, p\u00ebr veprat penale \u201cArm\u00ebmbajtja pa leje\u201d, \u201cKanosja\u201d dhe \u201cPlagosje e leht\u00eb me dashje\u201d (aktualisht ndodhet n\u00eb spital, n\u00eb ruajtje nga sh\u00ebrbimet e Policis\u00eb, pasi ka p\u00ebsuar d\u00ebmtime fizike gjat\u00eb konfliktit); <\/p>\n<p>-N. L., 44 vje\u00e7, banues n\u00eb Himar\u00eb, p\u00ebr veprat penale \u201cVeprime q\u00eb pengojn\u00eb zbulimin e s\u00eb v\u00ebrtet\u00ebs\u201d dhe \u201cMbajtja pa leje e arm\u00ebve t\u00eb gjahut\u201d. <\/p>\n<p>U shpall n\u00eb k\u00ebrkim shtetasi A. V., 46 vje\u00e7, p\u00ebr veprat penale \u201cArm\u00ebmbajtja pa leje\u201d, \u201cKanosja\u201d dhe \u201cPlagosja e leht\u00eb me dashje\u201d. Punohet p\u00ebr kapjen e tij.<\/p>\n<p>Gjithashtu, nisi procedimi penal n\u00eb gjendje t\u00eb lir\u00eb p\u00ebr vepr\u00ebn penale \u201cPlagosje e leht\u00eb me dashje\u201d, p\u00ebr shtetasit N. L., 40 vje\u00e7, dhe A. L., 38 vje\u00e7, t\u00eb dy banues n\u00eb Himar\u00eb. <\/p>\n<p>Nga veprimet hetimore dyshohet se p\u00ebr motive t\u00eb dob\u00ebta shtetasit E. V. dhe A. V. (kushurinj) jan\u00eb konfliktuar fillimisht fizikisht me shtetasit N. L. dhe A. L. (v\u00ebllez\u00ebr), dhe m\u00eb pas i kan\u00eb kanosur k\u00ebta t\u00eb fundit, duke q\u00eblluar me arm\u00eb zjarri n\u00eb aj\u00ebr, n\u00eb ambientet e lokalit t\u00eb shtetasit N. L., i cili ka tentuar ta fsheh\u00eb ngjarjen. <\/p>\n<p>Gjat\u00eb kontrollit n\u00eb banes\u00ebn e shtetasit N. L. u gjet\u00ebn dhe u sekuestruan 2 arm\u00eb gjahu, nd\u00ebrsa n\u00eb banes\u00ebn e shtetasit E. V., sh\u00ebrbimet e Policis\u00eb gjet\u00ebn dhe sekuestruan 1 kreh\u00ebr arme zjarri pistolet\u00eb, 1 sh\u00ebnjest\u00ebr optike p\u00ebr snajper. Gjithashtu, n\u00eb lidhje me k\u00ebt\u00eb ngjarje jan\u00eb sekuestruar 1 automjet tip \u201cAudi\u201d dhe 1 aparat celular. <\/p>\n<p>Materialet iu referuan Prokuroris\u00eb, p\u00ebr veprime t\u00eb m\u00ebtejshme.<\/p>\n","protected":false},"excerpt":{"rendered":"<p>Detajet e konfliktit dhe operacionit policor: Finalizohet nga Komisariati i Policis\u00eb Himar\u00eb, operacioni policor i koduar \u201cBuneci\u201d. U konfiltuan fizikisht n\u00eb ambientet e nj\u00eb lokali, p\u00ebr motive t\u00eb dob\u00ebta, dhe q\u00eblluan n\u00eb aj\u00ebr me arm\u00eb zjarri, fal\u00eb veprimeve t\u00eb shpejta hetimore, Policia identifikohen t\u00eb gjith\u00eb shtetasit e p\u00ebrfshir\u00eb n\u00eb k\u00ebt\u00eb konflikt. 2 prej tyre jan\u00eb [&hellip;]<\/p>\n","protected":false},"author":2,"featured_media":55603,"comment_status":"open","ping_status":"open","sticky":false,"template":"","format":"standard","meta":{"footnotes":""},"categories":[117],"tags":[27],"class_list":{"0":"post-55602","1":"post","2":"type-post","3":"status-publish","4":"format-standard","5":"has-post-thumbnail","7":"category-aktualitet","8":"tag-lajme"},"_links":{"self":[{"href":"https:\/\/neutrale.al\/index.php\/wp-json\/wp\/v2\/posts\/55602","targetHints":{"allow":["GET"]}}],"collection":[{"href":"https:\/\/neutrale.al\/index.php\/wp-json\/wp\/v2\/posts"}],"about":[{"href":"https:\/\/neutrale.al\/index.php\/wp-json\/wp\/v2\/types\/post"}],"author":[{"embeddable":true,"href":"https:\/\/neutrale.al\/index.php\/wp-json\/wp\/v2\/users\/2"}],"replies":[{"embeddable":true,"href":"https:\/\/neutrale.al\/index.php\/wp-json\/wp\/v2\/comments?post=55602"}],"version-history":[{"count":1,"href":"https:\/\/neutrale.al\/index.php\/wp-json\/wp\/v2\/posts\/55602\/revisions"}],"predecessor-version":[{"id":55604,"href":"https:\/\/neutrale.al\/index.php\/wp-json\/wp\/v2\/posts\/55602\/revisions\/55604"}],"wp:featuredmedia":[{"embeddable":true,"href":"https:\/\/neutrale.al\/index.php\/wp-json\/wp\/v2\/media\/55603"}],"wp:attachment":[{"href":"https:\/\/neutrale.al\/index.php\/wp-json\/wp\/v2\/media?parent=55602"}],"wp:term":[{"taxonomy":"category","embeddable":true,"href":"https:\/\/neutrale.al\/index.php\/wp-json\/wp\/v2\/categories?post=55602"},{"taxonomy":"post_tag","embeddable":true,"href":"https:\/\/neutrale.al\/index.php\/wp-json\/wp\/v2\/tags?post=55602"}],"curies":[{"name":"wp","href":"https:\/\/api.w.org\/{rel}","templated":true}]}}