{"id":55445,"date":"2023-07-28T17:35:37","date_gmt":"2023-07-28T17:35:37","guid":{"rendered":"https:\/\/neutrale.al\/?p=55445"},"modified":"2023-07-28T17:35:37","modified_gmt":"2023-07-28T17:35:37","slug":"kosove-tre-te-vrare-me-arme-zjarri-ne-lipjan","status":"publish","type":"post","link":"https:\/\/neutrale.al\/index.php\/2023\/07\/28\/kosove-tre-te-vrare-me-arme-zjarri-ne-lipjan\/","title":{"rendered":"Kosov\u00eb\/ Tre t\u00eb vrar\u00eb me arm\u00eb zjarri n\u00eb Lipjan"},"content":{"rendered":"<p>Nj\u00eb ngjarje e r\u00ebnd\u00eb ka ndodhur pasditen e sotme n\u00eb nj\u00eb fshat t\u00eb Lipjanit, n\u00eb Kosov\u00eb.<\/p>\n<p>M\u00ebsohet se jan\u00eb vrar\u00eb me arm\u00eb zjarri n\u00eb rrethana ende t\u00eb paqarta tre persona.<\/p>\n<p>Ende nuk dihen identitetet e viktimave apo rrethanat e ngjarjes.<\/p>\n<p>Nga policia e Kosov\u00ebs, vet\u00ebm \u00ebsht\u00eb konfirmuar lajmi, por pa dh\u00ebn\u00eb detaje t\u00eb tjera<\/p>\n<p>Njoftimi i policis\u00eb s\u00eb Kosov\u00ebs:<\/p>\n<p>Z\u00ebdh\u00ebn\u00ebsja e Policis\u00eb p\u00ebr rajonin e Prishtin\u00ebs, Flora Ahmeti, e cila ka konfirmuar ngjarjen e r\u00ebnd\u00eb n\u00eb Kosov\u00eb.<\/p>\n<p>\u201cRreth or\u00ebs 16:30 policia ka pranuar informat\u00ebn p\u00ebr tre persona t\u00eb pajet\u00eb n\u00eb fshatin Rufc t\u00eb Lipjanit.<\/p>\n<p>\u00a0Menj\u00ebher\u00eb pas marrjes s\u00eb informat\u00ebs policia ka dal\u00eb n\u00eb vendin e ngjarjes ku jan\u00eb hasur tre trupa t\u00eb pajet\u00eb, vdekja e t\u00eb cil\u00ebve \u00ebsht\u00eb konstatuar nga ana e ekipit mjek\u00ebsor.<\/p>\n<p>Aktualisht policia ka nisur nj\u00eb hetim p\u00ebr rastin dhe rrethanat q\u00eb karakterizojn\u00eb ngjarjen\u201d pohoi Ahmeti.<\/p>\n","protected":false},"excerpt":{"rendered":"<p>Nj\u00eb ngjarje e r\u00ebnd\u00eb ka ndodhur pasditen e sotme n\u00eb nj\u00eb fshat t\u00eb Lipjanit, n\u00eb Kosov\u00eb. M\u00ebsohet se jan\u00eb vrar\u00eb me arm\u00eb zjarri n\u00eb rrethana ende t\u00eb paqarta tre persona. Ende nuk dihen identitetet e viktimave apo rrethanat e ngjarjes. Nga policia e Kosov\u00ebs, vet\u00ebm \u00ebsht\u00eb konfirmuar lajmi, por pa dh\u00ebn\u00eb detaje t\u00eb tjera Njoftimi [&hellip;]<\/p>\n","protected":false},"author":2,"featured_media":55446,"comment_status":"open","ping_status":"open","sticky":false,"template":"","format":"standard","meta":{"footnotes":""},"categories":[6],"tags":[27],"class_list":{"0":"post-55445","1":"post","2":"type-post","3":"status-publish","4":"format-standard","5":"has-post-thumbnail","7":"category-rajoni","8":"tag-lajme"},"_links":{"self":[{"href":"https:\/\/neutrale.al\/index.php\/wp-json\/wp\/v2\/posts\/55445","targetHints":{"allow":["GET"]}}],"collection":[{"href":"https:\/\/neutrale.al\/index.php\/wp-json\/wp\/v2\/posts"}],"about":[{"href":"https:\/\/neutrale.al\/index.php\/wp-json\/wp\/v2\/types\/post"}],"author":[{"embeddable":true,"href":"https:\/\/neutrale.al\/index.php\/wp-json\/wp\/v2\/users\/2"}],"replies":[{"embeddable":true,"href":"https:\/\/neutrale.al\/index.php\/wp-json\/wp\/v2\/comments?post=55445"}],"version-history":[{"count":1,"href":"https:\/\/neutrale.al\/index.php\/wp-json\/wp\/v2\/posts\/55445\/revisions"}],"predecessor-version":[{"id":55447,"href":"https:\/\/neutrale.al\/index.php\/wp-json\/wp\/v2\/posts\/55445\/revisions\/55447"}],"wp:featuredmedia":[{"embeddable":true,"href":"https:\/\/neutrale.al\/index.php\/wp-json\/wp\/v2\/media\/55446"}],"wp:attachment":[{"href":"https:\/\/neutrale.al\/index.php\/wp-json\/wp\/v2\/media?parent=55445"}],"wp:term":[{"taxonomy":"category","embeddable":true,"href":"https:\/\/neutrale.al\/index.php\/wp-json\/wp\/v2\/categories?post=55445"},{"taxonomy":"post_tag","embeddable":true,"href":"https:\/\/neutrale.al\/index.php\/wp-json\/wp\/v2\/tags?post=55445"}],"curies":[{"name":"wp","href":"https:\/\/api.w.org\/{rel}","templated":true}]}}