{"id":55428,"date":"2023-07-28T13:27:50","date_gmt":"2023-07-28T13:27:50","guid":{"rendered":"https:\/\/neutrale.al\/?p=55428"},"modified":"2023-07-28T13:27:50","modified_gmt":"2023-07-28T13:27:50","slug":"greqi-jep-doreheqjen-ministri-i-mbrojtjes-se-qytetareve-notis-mitarakis-emerohet-tjetri","status":"publish","type":"post","link":"https:\/\/neutrale.al\/index.php\/2023\/07\/28\/greqi-jep-doreheqjen-ministri-i-mbrojtjes-se-qytetareve-notis-mitarakis-emerohet-tjetri\/","title":{"rendered":"GREQI \/ Jep dor\u00ebheqjen ministri i Mbrojtjes s\u00eb Qytetar\u00ebve, Notis Mitarakis. Em\u00ebrohet tjetri&#8230;"},"content":{"rendered":"<p>Ministri i Mbrojtjes s\u00eb Qytetarit, Notis Mitarakis, i ka dor\u00ebzuar kryeministrit Kyriakos Mitsotakis dor\u00ebheqjen p\u00ebr arsye personale, e cila \u00ebsht\u00eb pranuar.<\/p>\n<p>Minist\u00ebr i Mbrojtjes s\u00eb Qytetar\u00ebve em\u00ebrohet Z\u00ebvend\u00ebsministri aktual i Arsimit, \u00c7\u00ebshtjeve Fetare dhe Sporteve, Yiannis Oikonomou.<br \/>\nBetimi i ministrit t\u00eb ri para Presidentes s\u00eb Republik\u00ebs, Katerina Sakellaropoulou, do t\u00eb b\u00ebhet sot, n\u00eb or\u00ebn 19:00, n\u00eb Pallatin Presidencial.<\/p>\n","protected":false},"excerpt":{"rendered":"<p>Ministri i Mbrojtjes s\u00eb Qytetarit, Notis Mitarakis, i ka dor\u00ebzuar kryeministrit Kyriakos Mitsotakis dor\u00ebheqjen p\u00ebr arsye personale, e cila \u00ebsht\u00eb pranuar. Minist\u00ebr i Mbrojtjes s\u00eb Qytetar\u00ebve em\u00ebrohet Z\u00ebvend\u00ebsministri aktual i Arsimit, \u00c7\u00ebshtjeve Fetare dhe Sporteve, Yiannis Oikonomou. Betimi i ministrit t\u00eb ri para Presidentes s\u00eb Republik\u00ebs, Katerina Sakellaropoulou, do t\u00eb b\u00ebhet sot, n\u00eb or\u00ebn 19:00, [&hellip;]<\/p>\n","protected":false},"author":2,"featured_media":55429,"comment_status":"open","ping_status":"open","sticky":false,"template":"","format":"standard","meta":{"footnotes":""},"categories":[6],"tags":[27],"class_list":{"0":"post-55428","1":"post","2":"type-post","3":"status-publish","4":"format-standard","5":"has-post-thumbnail","7":"category-rajoni","8":"tag-lajme"},"_links":{"self":[{"href":"https:\/\/neutrale.al\/index.php\/wp-json\/wp\/v2\/posts\/55428","targetHints":{"allow":["GET"]}}],"collection":[{"href":"https:\/\/neutrale.al\/index.php\/wp-json\/wp\/v2\/posts"}],"about":[{"href":"https:\/\/neutrale.al\/index.php\/wp-json\/wp\/v2\/types\/post"}],"author":[{"embeddable":true,"href":"https:\/\/neutrale.al\/index.php\/wp-json\/wp\/v2\/users\/2"}],"replies":[{"embeddable":true,"href":"https:\/\/neutrale.al\/index.php\/wp-json\/wp\/v2\/comments?post=55428"}],"version-history":[{"count":1,"href":"https:\/\/neutrale.al\/index.php\/wp-json\/wp\/v2\/posts\/55428\/revisions"}],"predecessor-version":[{"id":55430,"href":"https:\/\/neutrale.al\/index.php\/wp-json\/wp\/v2\/posts\/55428\/revisions\/55430"}],"wp:featuredmedia":[{"embeddable":true,"href":"https:\/\/neutrale.al\/index.php\/wp-json\/wp\/v2\/media\/55429"}],"wp:attachment":[{"href":"https:\/\/neutrale.al\/index.php\/wp-json\/wp\/v2\/media?parent=55428"}],"wp:term":[{"taxonomy":"category","embeddable":true,"href":"https:\/\/neutrale.al\/index.php\/wp-json\/wp\/v2\/categories?post=55428"},{"taxonomy":"post_tag","embeddable":true,"href":"https:\/\/neutrale.al\/index.php\/wp-json\/wp\/v2\/tags?post=55428"}],"curies":[{"name":"wp","href":"https:\/\/api.w.org\/{rel}","templated":true}]}}