{"id":55407,"date":"2023-07-28T11:43:15","date_gmt":"2023-07-28T11:43:15","guid":{"rendered":"https:\/\/neutrale.al\/?p=55407"},"modified":"2023-07-28T11:43:15","modified_gmt":"2023-07-28T11:43:15","slug":"hapen-aplikimet-per-maturantet-qe-do-te-studiojne-ne-universitet-tona","status":"publish","type":"post","link":"https:\/\/neutrale.al\/index.php\/2023\/07\/28\/hapen-aplikimet-per-maturantet-qe-do-te-studiojne-ne-universitet-tona\/","title":{"rendered":"Hapen aplikimet p\u00ebr maturant\u00ebt q\u00eb do t\u00eb studiojn\u00eb n\u00eb Universitet tona"},"content":{"rendered":"<p>Ministrja e Arsimit Sportit dhe Rinis\u00eb Evis Kushi, ka b\u00ebr\u00eb me dije se, Portali UAlbania do t\u00eb jet\u00eb i hapur nga 29 korriku deri m\u00eb 3 gusht p\u00ebr aplikimet e maturant\u00ebve n\u00eb programet q\u00eb d\u00ebshirojn\u00eb t\u00eb ndjekin.<\/p>\n<p>Kushi e ka b\u00ebr\u00eb njoftimin e r\u00ebnd\u00ebsish\u00ebm p\u00ebrmes nj\u00eb postimi n\u00eb rrjetet sociale ku ka sqaruar afatin e aplikimeve.<\/p>\n<p>Ajo gjithashtu lajm\u00ebroi se k\u00ebt\u00eb vit p\u00ebr her\u00eb t\u00eb par\u00eb student\u00ebve do t\u2019i vijn\u00eb n\u00eb ndihm\u00eb kredit\u00eb studentore, t\u00eb cilat do t\u00eb mbulojn\u00eb tarif\u00ebn e shkollimit dhe koston e jetes\u00ebs p\u00ebr ndjekjen e nj\u00eb programi t\u00eb ciklit t\u00eb par\u00eb ose t\u00eb dyt\u00eb.<\/p>\n<p>\u201cDuke filluar nga nes\u00ebr, nga 29 korrik deri m\u00eb 3 gusht, portali UAlbania do t\u00eb jet\u00eb i hapur p\u00ebr aplikimet tuaja n\u00eb programet q\u00eb d\u00ebshironi t\u00eb ndiqni. Ky \u00ebsht\u00eb nj\u00eb moment shum\u00eb i r\u00ebnd\u00ebsish\u00ebm p\u00ebr t\u00eb gjith\u00eb ju, si zgjedhja q\u00eb do t\u00eb b\u00ebni do t\u00eb p\u00ebrcaktoj\u00eb drejtimin dhe t\u00eb ardhmen tuaj profesionale. N\u00eb var\u00ebsi t\u00eb rezultateve t\u00eb deritanishme dhe preferencave q\u00eb keni, ju ftoj t\u00eb vler\u00ebsoni edhe programet e hapura n\u00eb kuad\u00ebr t\u00eb procesi i nd\u00ebrkomb\u00ebtarizimit, si dhe ve\u00e7an\u00ebrisht i shpallurprogramet prioritare komb\u00ebtare, n\u00eb t\u00eb cilat mund t\u00eb p\u00ebrfitoni p\u00ebrjashtime nga tarifat dhe bursa mujore me pag\u00eb minimale. K\u00ebt\u00eb vit, p\u00ebrfitues t\u00eb k\u00ebtyre bursave do t\u00eb jen\u00eb student\u00ebt pavar\u00ebsisht not\u00ebs mesatare, por gjithmon\u00eb duke plot\u00ebsuar kriteret e pranimit p\u00ebr \u00e7do program studimi. Edhe k\u00ebt\u00eb vit p\u00ebr her\u00eb t\u00eb par\u00eb do t\u2019ju ndihmojn\u00eb kredit\u00eb studentore, t\u00eb cilat do t\u00eb mbulojn\u00eb tarif\u00ebn e shkollimit dhe koston e jetes\u00ebs p\u00ebr ndjekjen e nj\u00eb programi t\u00eb ciklit t\u00eb par\u00eb ose t\u00eb dyt\u00eb. Uroj q\u00eb sa m\u00eb shum\u00eb prej jush t\u00eb shfryt\u00ebzojn\u00eb sa m\u00eb shum\u00eb k\u00ebto mund\u00ebsi p\u00ebr t\u00eb vazhduar studimet n\u00eb Shqip\u00ebria dhe pas diplomimit jetoni, punoni dhe kontribuoni p\u00ebr Shqip\u00ebrin\u00eb ton\u00eb\u201d, shkruan Kushi.<\/p>\n","protected":false},"excerpt":{"rendered":"<p>Ministrja e Arsimit Sportit dhe Rinis\u00eb Evis Kushi, ka b\u00ebr\u00eb me dije se, Portali UAlbania do t\u00eb jet\u00eb i hapur nga 29 korriku deri m\u00eb 3 gusht p\u00ebr aplikimet e maturant\u00ebve n\u00eb programet q\u00eb d\u00ebshirojn\u00eb t\u00eb ndjekin. Kushi e ka b\u00ebr\u00eb njoftimin e r\u00ebnd\u00ebsish\u00ebm p\u00ebrmes nj\u00eb postimi n\u00eb rrjetet sociale ku ka sqaruar afatin e [&hellip;]<\/p>\n","protected":false},"author":2,"featured_media":55408,"comment_status":"open","ping_status":"open","sticky":false,"template":"","format":"standard","meta":{"footnotes":""},"categories":[1],"tags":[],"class_list":{"0":"post-55407","1":"post","2":"type-post","3":"status-publish","4":"format-standard","5":"has-post-thumbnail","7":"category-te-tjera"},"_links":{"self":[{"href":"https:\/\/neutrale.al\/index.php\/wp-json\/wp\/v2\/posts\/55407","targetHints":{"allow":["GET"]}}],"collection":[{"href":"https:\/\/neutrale.al\/index.php\/wp-json\/wp\/v2\/posts"}],"about":[{"href":"https:\/\/neutrale.al\/index.php\/wp-json\/wp\/v2\/types\/post"}],"author":[{"embeddable":true,"href":"https:\/\/neutrale.al\/index.php\/wp-json\/wp\/v2\/users\/2"}],"replies":[{"embeddable":true,"href":"https:\/\/neutrale.al\/index.php\/wp-json\/wp\/v2\/comments?post=55407"}],"version-history":[{"count":1,"href":"https:\/\/neutrale.al\/index.php\/wp-json\/wp\/v2\/posts\/55407\/revisions"}],"predecessor-version":[{"id":55409,"href":"https:\/\/neutrale.al\/index.php\/wp-json\/wp\/v2\/posts\/55407\/revisions\/55409"}],"wp:featuredmedia":[{"embeddable":true,"href":"https:\/\/neutrale.al\/index.php\/wp-json\/wp\/v2\/media\/55408"}],"wp:attachment":[{"href":"https:\/\/neutrale.al\/index.php\/wp-json\/wp\/v2\/media?parent=55407"}],"wp:term":[{"taxonomy":"category","embeddable":true,"href":"https:\/\/neutrale.al\/index.php\/wp-json\/wp\/v2\/categories?post=55407"},{"taxonomy":"post_tag","embeddable":true,"href":"https:\/\/neutrale.al\/index.php\/wp-json\/wp\/v2\/tags?post=55407"}],"curies":[{"name":"wp","href":"https:\/\/api.w.org\/{rel}","templated":true}]}}