{"id":5531,"date":"2022-06-13T09:02:40","date_gmt":"2022-06-13T09:02:40","guid":{"rendered":"https:\/\/neutrale.al\/?p=5531"},"modified":"2022-06-13T09:02:40","modified_gmt":"2022-06-13T09:02:40","slug":"nene-me-femije-te-mitur-22-vjecarja-largohet-pa-adrese-dhe-shpallet-ne-kerkim","status":"publish","type":"post","link":"https:\/\/neutrale.al\/index.php\/2022\/06\/13\/nene-me-femije-te-mitur-22-vjecarja-largohet-pa-adrese-dhe-shpallet-ne-kerkim\/","title":{"rendered":"N\u00ebn\u00eb me f\u00ebmij\u00eb t\u00eb mitur,\u00a0 22 vje\u00e7arja largohet pa adres\u00eb dhe shpallet n\u00eb k\u00ebrkim."},"content":{"rendered":"<p>Denoncimin p\u00ebr zhdukjen e s\u00eb bij\u00ebs nga banesa e ka b\u00ebr\u00eb n\u00ebna e saj. <\/p>\n<p>N\u00ebna e 22 vje\u00e7ares \u00ebsht\u00eb paraqitur n\u00eb polici dhe ka treguar se e bija \u00ebsht\u00eb larguar pa gjurm\u00eb nga banesa bashk\u00eb me f\u00ebmij\u00ebt e saj t\u00eb mitur.<br \/>\nNjoftimi : <\/p>\n<p>\u201cM\u00eb dat\u00eb 12.06.2022, shtetasja M. F., 44 vje\u00e7e, ka kall\u00ebzuar se \u00ebsht\u00eb larguar nga banesa vajza e saj, shtetasja E. F., 22 vje\u00e7e, s\u00eb bashku me f\u00ebmij\u00ebt e saj t\u00eb mitur. Punohet p\u00ebr gjetjen e tyre. Materialet i kaluan Prokuroris\u00eb, p\u00ebr veprime t\u00eb m\u00ebtejshme procedurale\u201d, njoftoi policia.<\/p>\n","protected":false},"excerpt":{"rendered":"<p>Denoncimin p\u00ebr zhdukjen e s\u00eb bij\u00ebs nga banesa e ka b\u00ebr\u00eb n\u00ebna e saj. N\u00ebna e 22 vje\u00e7ares \u00ebsht\u00eb paraqitur n\u00eb polici dhe ka treguar se e bija \u00ebsht\u00eb larguar pa gjurm\u00eb nga banesa bashk\u00eb me f\u00ebmij\u00ebt e saj t\u00eb mitur. Njoftimi : \u201cM\u00eb dat\u00eb 12.06.2022, shtetasja M. F., 44 vje\u00e7e, ka kall\u00ebzuar se \u00ebsht\u00eb [&hellip;]<\/p>\n","protected":false},"author":2,"featured_media":5532,"comment_status":"open","ping_status":"open","sticky":false,"template":"","format":"standard","meta":{"footnotes":""},"categories":[117,118],"tags":[27],"class_list":{"0":"post-5531","1":"post","2":"type-post","3":"status-publish","4":"format-standard","5":"has-post-thumbnail","7":"category-aktualitet","8":"category-kryesore","9":"tag-lajme"},"_links":{"self":[{"href":"https:\/\/neutrale.al\/index.php\/wp-json\/wp\/v2\/posts\/5531","targetHints":{"allow":["GET"]}}],"collection":[{"href":"https:\/\/neutrale.al\/index.php\/wp-json\/wp\/v2\/posts"}],"about":[{"href":"https:\/\/neutrale.al\/index.php\/wp-json\/wp\/v2\/types\/post"}],"author":[{"embeddable":true,"href":"https:\/\/neutrale.al\/index.php\/wp-json\/wp\/v2\/users\/2"}],"replies":[{"embeddable":true,"href":"https:\/\/neutrale.al\/index.php\/wp-json\/wp\/v2\/comments?post=5531"}],"version-history":[{"count":1,"href":"https:\/\/neutrale.al\/index.php\/wp-json\/wp\/v2\/posts\/5531\/revisions"}],"predecessor-version":[{"id":5533,"href":"https:\/\/neutrale.al\/index.php\/wp-json\/wp\/v2\/posts\/5531\/revisions\/5533"}],"wp:featuredmedia":[{"embeddable":true,"href":"https:\/\/neutrale.al\/index.php\/wp-json\/wp\/v2\/media\/5532"}],"wp:attachment":[{"href":"https:\/\/neutrale.al\/index.php\/wp-json\/wp\/v2\/media?parent=5531"}],"wp:term":[{"taxonomy":"category","embeddable":true,"href":"https:\/\/neutrale.al\/index.php\/wp-json\/wp\/v2\/categories?post=5531"},{"taxonomy":"post_tag","embeddable":true,"href":"https:\/\/neutrale.al\/index.php\/wp-json\/wp\/v2\/tags?post=5531"}],"curies":[{"name":"wp","href":"https:\/\/api.w.org\/{rel}","templated":true}]}}