{"id":55254,"date":"2023-07-27T09:19:20","date_gmt":"2023-07-27T09:19:20","guid":{"rendered":"https:\/\/neutrale.al\/?p=55254"},"modified":"2023-07-27T09:19:20","modified_gmt":"2023-07-27T09:19:20","slug":"selanik-vritet-me-arme-zjarri-nje-37-vjecar-eshte-i-huaj-policia-larje-hesapesh","status":"publish","type":"post","link":"https:\/\/neutrale.al\/index.php\/2023\/07\/27\/selanik-vritet-me-arme-zjarri-nje-37-vjecar-eshte-i-huaj-policia-larje-hesapesh\/","title":{"rendered":"Selanik\/ Vritet me arm\u00eb zjarri nj\u00eb 37-vje\u00e7ar, \u00ebsht\u00eb i huaj. Policia: larje hesapesh&#8230;"},"content":{"rendered":"<p>Selanik Evosmos:<br \/>\nVdekja e nj\u00eb 37-vje\u00e7ari n\u00eb prit\u00eb &#8211; Ai u ekzekutua jasht\u00eb pallatit ku jetonte<br \/>\n\u00cbsht\u00eb i huaj \u2013 Burime policore flasin p\u00ebr hesapet<br \/>\nPolicia u alarmua n\u00eb agimin e s\u00eb enjtes kur u informua p\u00ebr nj\u00eb incident me arm\u00eb zjarri n\u00eb Evosmos.<br \/>\nSipas thestival.gr, ngjarja ka ndodhur n\u00eb or\u00ebn 00:50 n\u00eb rrug\u00ebn Vizyinou, ku autor\u00ebt i kan\u00eb ngritur prit\u00ebn e vdekjes 37-vje\u00e7arit jasht\u00eb pallatit ku ai banonte.<\/p>\n<p>Sipas t\u00eb nj\u00ebjtave informacione, viktima e sulmit ka marr\u00eb disa plumba n\u00eb gjoks. Policia e cila ka shkuar n\u00eb zon\u00eb ka gjetur 37-vje\u00e7arin t\u00eb gjakosur n\u00eb trotuar<br \/>\nBurri \u00ebsht\u00eb transportuar menj\u00ebher\u00eb me autoambulanc\u00ebn e EKAV-it n\u00eb AHEPA ku pavar\u00ebsisht p\u00ebrpjekjeve t\u00eb mjek\u00ebve ka konstatuar vdekjen.<\/p>\n<p>Burimet policore ia atribuojn\u00eb incidentin nj\u00eb llogarie mes grupeve t\u00eb bandit\u00ebve q\u00eb \u201cshesin mbrojtjen\u201d n\u00eb klubet e nat\u00ebs s\u00eb qytetit.<\/p>\n<p>Hetimet p\u00ebr ngjarjen e t\u00eb sht\u00ebnave n\u00eb Evosmos u mor\u00ebn nga Departamenti i Krimeve Kund\u00ebr Jet\u00ebs n\u00eb Drejtorin\u00eb e Sigurimit t\u00eb Selanikut.<\/p>\n","protected":false},"excerpt":{"rendered":"<p>Selanik Evosmos: Vdekja e nj\u00eb 37-vje\u00e7ari n\u00eb prit\u00eb &#8211; Ai u ekzekutua jasht\u00eb pallatit ku jetonte \u00cbsht\u00eb i huaj \u2013 Burime policore flasin p\u00ebr hesapet Policia u alarmua n\u00eb agimin e s\u00eb enjtes kur u informua p\u00ebr nj\u00eb incident me arm\u00eb zjarri n\u00eb Evosmos. Sipas thestival.gr, ngjarja ka ndodhur n\u00eb or\u00ebn 00:50 n\u00eb rrug\u00ebn Vizyinou, [&hellip;]<\/p>\n","protected":false},"author":2,"featured_media":55255,"comment_status":"open","ping_status":"open","sticky":false,"template":"","format":"standard","meta":{"footnotes":""},"categories":[6],"tags":[27],"class_list":{"0":"post-55254","1":"post","2":"type-post","3":"status-publish","4":"format-standard","5":"has-post-thumbnail","7":"category-rajoni","8":"tag-lajme"},"_links":{"self":[{"href":"https:\/\/neutrale.al\/index.php\/wp-json\/wp\/v2\/posts\/55254","targetHints":{"allow":["GET"]}}],"collection":[{"href":"https:\/\/neutrale.al\/index.php\/wp-json\/wp\/v2\/posts"}],"about":[{"href":"https:\/\/neutrale.al\/index.php\/wp-json\/wp\/v2\/types\/post"}],"author":[{"embeddable":true,"href":"https:\/\/neutrale.al\/index.php\/wp-json\/wp\/v2\/users\/2"}],"replies":[{"embeddable":true,"href":"https:\/\/neutrale.al\/index.php\/wp-json\/wp\/v2\/comments?post=55254"}],"version-history":[{"count":1,"href":"https:\/\/neutrale.al\/index.php\/wp-json\/wp\/v2\/posts\/55254\/revisions"}],"predecessor-version":[{"id":55256,"href":"https:\/\/neutrale.al\/index.php\/wp-json\/wp\/v2\/posts\/55254\/revisions\/55256"}],"wp:featuredmedia":[{"embeddable":true,"href":"https:\/\/neutrale.al\/index.php\/wp-json\/wp\/v2\/media\/55255"}],"wp:attachment":[{"href":"https:\/\/neutrale.al\/index.php\/wp-json\/wp\/v2\/media?parent=55254"}],"wp:term":[{"taxonomy":"category","embeddable":true,"href":"https:\/\/neutrale.al\/index.php\/wp-json\/wp\/v2\/categories?post=55254"},{"taxonomy":"post_tag","embeddable":true,"href":"https:\/\/neutrale.al\/index.php\/wp-json\/wp\/v2\/tags?post=55254"}],"curies":[{"name":"wp","href":"https:\/\/api.w.org\/{rel}","templated":true}]}}