{"id":55217,"date":"2023-07-26T12:36:24","date_gmt":"2023-07-26T12:36:24","guid":{"rendered":"https:\/\/neutrale.al\/?p=55217"},"modified":"2023-07-26T12:36:24","modified_gmt":"2023-07-26T12:36:24","slug":"holande-anije-transporti-me-3000-makina-ne-flake-dyshimi-nje-makine-elektrike-ka-marre-flake","status":"publish","type":"post","link":"https:\/\/neutrale.al\/index.php\/2023\/07\/26\/holande-anije-transporti-me-3000-makina-ne-flake-dyshimi-nje-makine-elektrike-ka-marre-flake\/","title":{"rendered":"Holand\u00eb\/ Anije transporti me 3000 makina n\u00eb flak\u00eb Dyshimi: Nj\u00eb makin\u00eb elektrike ka marr\u00eb flak\u00eb"},"content":{"rendered":"<p>Nj\u00eb anije e ngarkuar me 3000 makina merr flak\u00eb n\u00eb brigjet e Holand\u00ebs.<br \/>\nT\u00eb pakt\u00ebn nj\u00eb person ka humbur jet\u00ebn dhe disa jan\u00eb l\u00ebnduar nga zjarri.<\/p>\n<p>Zjarri n\u00eb anijen me flamur t\u00eb Panamas\u00eb Fremantle Highway shp\u00ebrtheu nat\u00ebn e s\u00eb m\u00ebrkur\u00ebs.<br \/>\nU nis nj\u00eb p\u00ebrpjekje e madhe shp\u00ebtimi, ku nd\u00ebr t\u00eb tjera merr pjes\u00eb edhe roja bregdetare.<br \/>\nRoja bregdetare dyshon se nj\u00eb makin\u00eb elektrike ka marr\u00eb flak\u00eb dhe ka ndezur zjarrin, i cili m\u00eb pas \u00ebsht\u00eb p\u00ebrhapur me shpejt\u00ebsi.<br \/>\nZjarri u shua nga anijet zjarrfik\u00ebse dhe ata gjithashtu u p\u00ebrpoq\u00ebn t\u00eb ftohnin anijen.<br \/>\n\u201cPo mundohemi gjithashtu t\u00eb parandalojm\u00eb fundosjen e anijes\u201d, thot\u00eb nj\u00eb z\u00ebdh\u00ebn\u00ebs i rojes bregdetare.<br \/>\nN\u00eb mesdit\u00eb zjarri ishte ende i ndezur.<br \/>\n&#8211; Tani p\u00ebr tani ne kemi shum\u00eb anije n\u00eb vend p\u00ebr t\u00eb monitoruar situat\u00ebn dhe p\u00ebr t\u00eb hetuar se si ta fusim zjarrin n\u00ebn kontroll, thot\u00eb z\u00ebdh\u00ebn\u00ebsja e rojes bregdetare Lea Versteeg p\u00ebr AP.<br \/>\n23 an\u00ebtar\u00eb t\u00eb ekuipazhit ishin n\u00eb bord kur filloi zjarri dhe disa prej tyre thuhet se u detyruan t\u00eb hidheshin n\u00eb bord.<br \/>\nT\u00eb gjith\u00eb jan\u00eb evakuuar. Sipas uebsajtit Waldnet, t\u00eb pakt\u00ebn shtat\u00eb prej tyre jan\u00eb plagosur dhe jan\u00eb d\u00ebrguar n\u00eb spital.<br \/>\nAnija \u00ebsht\u00eb af\u00ebrsisht 200 metra e gjat\u00eb dhe 32 metra e gjer\u00eb dhe ndodhet af\u00ebrsisht 27 kilometra n\u00eb veri t\u00eb ishullit Ameland, sipas TT.<br \/>\nSipas AFP, t\u00eb pakt\u00ebn nj\u00eb person ka vdekur<\/p>\n<p><img loading=\"lazy\" loading=\"lazy\" decoding=\"async\" src=\"https:\/\/neutrale.al\/wp-content\/uploads\/2023\/07\/5c889739-19a8-44a1-aeae-a33c0923e898-300x176.jpeg\" alt=\"\" width=\"300\" height=\"176\" class=\"alignnone size-medium wp-image-55218\" srcset=\"https:\/\/neutrale.al\/wp-content\/uploads\/2023\/07\/5c889739-19a8-44a1-aeae-a33c0923e898-300x176.jpeg 300w, https:\/\/neutrale.al\/wp-content\/uploads\/2023\/07\/5c889739-19a8-44a1-aeae-a33c0923e898-1024x600.jpeg 1024w, https:\/\/neutrale.al\/wp-content\/uploads\/2023\/07\/5c889739-19a8-44a1-aeae-a33c0923e898-768x450.jpeg 768w, https:\/\/neutrale.al\/wp-content\/uploads\/2023\/07\/5c889739-19a8-44a1-aeae-a33c0923e898-860x504.jpeg 860w, https:\/\/neutrale.al\/wp-content\/uploads\/2023\/07\/5c889739-19a8-44a1-aeae-a33c0923e898.jpeg 1080w\" sizes=\"auto, (max-width: 300px) 100vw, 300px\" \/><\/p>\n","protected":false},"excerpt":{"rendered":"<p>Nj\u00eb anije e ngarkuar me 3000 makina merr flak\u00eb n\u00eb brigjet e Holand\u00ebs. T\u00eb pakt\u00ebn nj\u00eb person ka humbur jet\u00ebn dhe disa jan\u00eb l\u00ebnduar nga zjarri. Zjarri n\u00eb anijen me flamur t\u00eb Panamas\u00eb Fremantle Highway shp\u00ebrtheu nat\u00ebn e s\u00eb m\u00ebrkur\u00ebs. U nis nj\u00eb p\u00ebrpjekje e madhe shp\u00ebtimi, ku nd\u00ebr t\u00eb tjera merr pjes\u00eb edhe roja [&hellip;]<\/p>\n","protected":false},"author":2,"featured_media":55219,"comment_status":"open","ping_status":"open","sticky":false,"template":"","format":"standard","meta":{"footnotes":""},"categories":[12],"tags":[27],"class_list":{"0":"post-55217","1":"post","2":"type-post","3":"status-publish","4":"format-standard","5":"has-post-thumbnail","7":"category-bota","8":"tag-lajme"},"_links":{"self":[{"href":"https:\/\/neutrale.al\/index.php\/wp-json\/wp\/v2\/posts\/55217","targetHints":{"allow":["GET"]}}],"collection":[{"href":"https:\/\/neutrale.al\/index.php\/wp-json\/wp\/v2\/posts"}],"about":[{"href":"https:\/\/neutrale.al\/index.php\/wp-json\/wp\/v2\/types\/post"}],"author":[{"embeddable":true,"href":"https:\/\/neutrale.al\/index.php\/wp-json\/wp\/v2\/users\/2"}],"replies":[{"embeddable":true,"href":"https:\/\/neutrale.al\/index.php\/wp-json\/wp\/v2\/comments?post=55217"}],"version-history":[{"count":2,"href":"https:\/\/neutrale.al\/index.php\/wp-json\/wp\/v2\/posts\/55217\/revisions"}],"predecessor-version":[{"id":55221,"href":"https:\/\/neutrale.al\/index.php\/wp-json\/wp\/v2\/posts\/55217\/revisions\/55221"}],"wp:featuredmedia":[{"embeddable":true,"href":"https:\/\/neutrale.al\/index.php\/wp-json\/wp\/v2\/media\/55219"}],"wp:attachment":[{"href":"https:\/\/neutrale.al\/index.php\/wp-json\/wp\/v2\/media?parent=55217"}],"wp:term":[{"taxonomy":"category","embeddable":true,"href":"https:\/\/neutrale.al\/index.php\/wp-json\/wp\/v2\/categories?post=55217"},{"taxonomy":"post_tag","embeddable":true,"href":"https:\/\/neutrale.al\/index.php\/wp-json\/wp\/v2\/tags?post=55217"}],"curies":[{"name":"wp","href":"https:\/\/api.w.org\/{rel}","templated":true}]}}