{"id":55109,"date":"2023-07-25T17:28:26","date_gmt":"2023-07-25T17:28:26","guid":{"rendered":"https:\/\/neutrale.al\/?p=55109"},"modified":"2023-07-25T17:28:26","modified_gmt":"2023-07-25T17:28:26","slug":"roshi-ajdini-heshtja-e-deputetes-kumbaro-per-masakren-e-rabijes-ne-tepelene","status":"publish","type":"post","link":"https:\/\/neutrale.al\/index.php\/2023\/07\/25\/roshi-ajdini-heshtja-e-deputetes-kumbaro-per-masakren-e-rabijes-ne-tepelene\/","title":{"rendered":"Roshi Ajdini\/ Heshtja e deputetes Kumbaro p\u00ebr masakr\u00ebn e Rabijes n\u00eb Tepelen\u00eb"},"content":{"rendered":"<p>Drejtuar deputetes, Zonj\u00ebs Mirela Kumbaro!<\/p>\n<p>Po shikoja faqen e fb te deputetes s\u00eb qarkut Gjirokast\u00ebr, ministres se turizmit dhe mjedisit Mirela Kumbaro, per te par\u00eb mos ndoshta kishte pasqyruar aktivitetin e 80 vjetorit te masakr\u00ebs se Rabies, aktivitetet i cili u b\u00eb ne 23 korrik.<br \/>\nAsnje fjal\u00eb dhe asnje rresht per 80 vjetorin e asaj ngjarje e cila shenjon nj\u00eb pik\u00eb kthese ne luften antifashiste ne zonen e Tepelenes.<br \/>\nUne nuk e mendoja qe ate dite ne Rabije te mos kishte asnj\u00eb deputet te pranish\u00ebm.<br \/>\nKan\u00eb menduar se do u gervishtej fuoristrada n\u00ebp\u00ebr ferrat dhe shkurret e rrug\u00ebs, se ishte vap\u00eb e madhe apo se nuk shkojm\u00eb n\u00eb nje ceremoni q\u00eb e ka organizuar kundershtari  politik\u00eb?<br \/>\nNga kater deputet q\u00eb ka qarku askush nuk piptiu ne Rabije, as deputeti stoik dhe qendrestar Tritan Shehu, ky ndoshta nga mosha e madhe, dhe si mjek di ti ruhet vapes.<br \/>\nNe fakt zonja Kumbaro \u00ebsht\u00eb ajo qe duhet te ishte ne at\u00eb ceremoni per shum\u00eb arsye.<br \/>\nMe sa di deputetja \u00ebsht\u00eb caktuar politiksht q\u00eb te ndjek Bashkin\u00eb Memaliaj me iden\u00eb per te rregulluar pasojat e medha nga cunami politik qe u ngjau.<br \/>\nZonje e nderuar, un\u00eb b\u00ebj pjes\u00eb tek ata individ qe e kam vleresuar punen tuaj per investimet dhe promovimit qe keni b\u00ebr ne qarkun e Gjirokaster perve\u00e7 Memaliajt q\u00eb u la ne harres\u00eb nga ju dhe qeveria juaj.<br \/>\nDua te ndalem pak tek caktimi juaj si e deleguar politike ne Memaliaj!<br \/>\nOk, \u00ebsht\u00eb gj\u00ebja me normale qe nje parti ne funksionalitetin e saj te marre masa dhe fokusohet n\u00eb ato zona dhe bashki ku nuk ka pasur rezultat te mir\u00eb.<br \/>\nStrategjia juaj per Memaliajn \u00ebsht\u00eb nje e drejt\u00eb e juaja por une gjykoj qe po ndertoni nje qasje te gabuar ne raport me bashkin\u00eb Memaliaj.<br \/>\nPerqendrimi juaj me dit\u00eb te tera ne takime individuale p\u00ebr te mos lejuar qe dikush tjeter vec te majtes t&#8217;a merrte keshillin bashkiak ishte pak i ekzagjeruar pasi an\u00ebtaret e keshillit duhet te vendosnin me bindjen e tyre dhe jo me imponim.<br \/>\nShenjat jan\u00eb se ju po e ktheni keshillin bashkiak ne nje keshtjell bashkiake per te mbajtur n\u00ebn kontroll &#8221; armikun &#8221; Albert Malaj.<br \/>\nKjo gj\u00eb as partis\u00eb qe ju perfaqesoni nuk do i sherbej pasi komuniteti i Memaliajt do ndryshim, do investime, do bashk\u00ebrendim te puneve.<br \/>\nBanoret e Bashkise Memaliaj kan\u00eb q\u00ebn\u00eb me te anashkaluarit nga qeverisja 10 vjecare e partis\u00eb socialiste dhe ka gjasa te ngelet e till\u00eb edhe ne vazhdimesi pasi nuk po shoh shenja bashk\u00ebpunimi.<br \/>\nMosprania juaj ne 80 vjetorin e masakr\u00ebs se Rabies \u00ebsht\u00eb treguesi me i qart\u00eb se lufta per ti ven shkopinj\u00eb nen rrota kryetarit Albert Malaj po pervijohet ne horizont\u00eb.<br \/>\nNe menyre modeste si nje individ i lire si nje person i angazhuar ne zon\u00eb po ju b\u00ebj nje apel e nderuar deputete dhe ministre, mos e pengoni zhvillimin e Memaliajt per llogari te vogla elektorale dhe politike, njihni realitetin e ri politik dhe kordinoni punet me kryetarin Albert Malaj ne menyre qe toskeria te marr\u00eb investimet dhe vemendjen qe i takon.<\/p>\n","protected":false},"excerpt":{"rendered":"<p>Drejtuar deputetes, Zonj\u00ebs Mirela Kumbaro! Po shikoja faqen e fb te deputetes s\u00eb qarkut Gjirokast\u00ebr, ministres se turizmit dhe mjedisit Mirela Kumbaro, per te par\u00eb mos ndoshta kishte pasqyruar aktivitetin e 80 vjetorit te masakr\u00ebs se Rabies, aktivitetet i cili u b\u00eb ne 23 korrik. Asnje fjal\u00eb dhe asnje rresht per 80 vjetorin e asaj [&hellip;]<\/p>\n","protected":false},"author":2,"featured_media":55111,"comment_status":"open","ping_status":"open","sticky":false,"template":"","format":"standard","meta":{"footnotes":""},"categories":[1],"tags":[],"class_list":{"0":"post-55109","1":"post","2":"type-post","3":"status-publish","4":"format-standard","5":"has-post-thumbnail","7":"category-te-tjera"},"_links":{"self":[{"href":"https:\/\/neutrale.al\/index.php\/wp-json\/wp\/v2\/posts\/55109","targetHints":{"allow":["GET"]}}],"collection":[{"href":"https:\/\/neutrale.al\/index.php\/wp-json\/wp\/v2\/posts"}],"about":[{"href":"https:\/\/neutrale.al\/index.php\/wp-json\/wp\/v2\/types\/post"}],"author":[{"embeddable":true,"href":"https:\/\/neutrale.al\/index.php\/wp-json\/wp\/v2\/users\/2"}],"replies":[{"embeddable":true,"href":"https:\/\/neutrale.al\/index.php\/wp-json\/wp\/v2\/comments?post=55109"}],"version-history":[{"count":1,"href":"https:\/\/neutrale.al\/index.php\/wp-json\/wp\/v2\/posts\/55109\/revisions"}],"predecessor-version":[{"id":55112,"href":"https:\/\/neutrale.al\/index.php\/wp-json\/wp\/v2\/posts\/55109\/revisions\/55112"}],"wp:featuredmedia":[{"embeddable":true,"href":"https:\/\/neutrale.al\/index.php\/wp-json\/wp\/v2\/media\/55111"}],"wp:attachment":[{"href":"https:\/\/neutrale.al\/index.php\/wp-json\/wp\/v2\/media?parent=55109"}],"wp:term":[{"taxonomy":"category","embeddable":true,"href":"https:\/\/neutrale.al\/index.php\/wp-json\/wp\/v2\/categories?post=55109"},{"taxonomy":"post_tag","embeddable":true,"href":"https:\/\/neutrale.al\/index.php\/wp-json\/wp\/v2\/tags?post=55109"}],"curies":[{"name":"wp","href":"https:\/\/api.w.org\/{rel}","templated":true}]}}