{"id":55029,"date":"2023-07-25T09:38:39","date_gmt":"2023-07-25T09:38:39","guid":{"rendered":"https:\/\/neutrale.al\/?p=55029"},"modified":"2023-07-25T09:38:39","modified_gmt":"2023-07-25T09:38:39","slug":"igli-cara-cilit-rame-ti-besojme-per-portin-e-durresit","status":"publish","type":"post","link":"https:\/\/neutrale.al\/index.php\/2023\/07\/25\/igli-cara-cilit-rame-ti-besojme-per-portin-e-durresit\/","title":{"rendered":"Igli Cara\/ Cilit Ram\u00eb t&#8217;i besojm\u00eb p\u00ebr Portin e Durr\u00ebsit&#8230;"},"content":{"rendered":"<p>11 mij\u00eb pasagjer\u00eb priti Porti i Durr\u00ebsit fundjav\u00ebn q\u00eb lam\u00eb pas.<br \/>\nShif\u00ebr e publikuar nga vet\u00eb Rama, ideatori dhe p\u00ebrfituesi kryesor i projektit t\u00eb vjedhjes me ligj t\u00eb portit m\u00eb t\u00eb madh n\u00eb vend.<br \/>\nNga nj\u00ebra an\u00eb e reklamon (duke e v\u00ebn\u00eb theksin te r\u00ebnd\u00ebsia dhe domosdoshm\u00ebria e k\u00ebtij porti), nga ana tjet\u00ebr prej 3 vitesh &#8220;qep e shqep&#8221; ligje p\u00ebr ta grabitur, tjet\u00ebrsuar e ndar\u00eb me &#8220;mikun&#8221; e tij, Alabbar &#038; CO.<br \/>\nPa anashkaluar faktin q\u00eb hap\u00ebsira e piketuar p\u00ebr t&#8217;u shnd\u00ebrruar n\u00eb Terminalin e pasagjer\u00ebve, sipas t\u00eb gjith\u00eb specialist\u00ebve t\u00eb fush\u00ebs, jo vet\u00ebm \u00ebsht\u00eb larg Durr\u00ebsit, por \u00e7far\u00eb \u00ebsht\u00eb m\u00eb e r\u00ebnd\u00ebsishmja \u00ebsht\u00eb jasht\u00eb standardeve dhe parametrave t\u00eb domosdosh\u00ebm.<br \/>\nCil\u00ebs Ram\u00eb t&#8217;i besojm\u00eb?!!!!!<br \/>\nKjo \u00ebsht\u00eb bab\u00ebzia e KM, q\u00eb i ka err\u00ebsuar shikimin dhe mendjen!<br \/>\nNj\u00eb projekt (jo i vetmi), si nj\u00eb sht\u00ebpi pa themel, q\u00eb sado e lart\u00eb dhe e bukur, her\u00ebt a von\u00eb, shembet dhe t\u00eb z\u00eb brenda!<br \/>\n <img loading=\"lazy\" loading=\"lazy\" decoding=\"async\" src=\"https:\/\/neutrale.al\/wp-content\/uploads\/2023\/07\/8bd5ad16-28cb-42bd-8c79-0b74d25cc144-224x300.jpeg\" alt=\"\" width=\"224\" height=\"300\" class=\"alignnone size-medium wp-image-55030\" srcset=\"https:\/\/neutrale.al\/wp-content\/uploads\/2023\/07\/8bd5ad16-28cb-42bd-8c79-0b74d25cc144-224x300.jpeg 224w, https:\/\/neutrale.al\/wp-content\/uploads\/2023\/07\/8bd5ad16-28cb-42bd-8c79-0b74d25cc144-764x1024.jpeg 764w, https:\/\/neutrale.al\/wp-content\/uploads\/2023\/07\/8bd5ad16-28cb-42bd-8c79-0b74d25cc144-768x1029.jpeg 768w, https:\/\/neutrale.al\/wp-content\/uploads\/2023\/07\/8bd5ad16-28cb-42bd-8c79-0b74d25cc144-860x1152.jpeg 860w, https:\/\/neutrale.al\/wp-content\/uploads\/2023\/07\/8bd5ad16-28cb-42bd-8c79-0b74d25cc144.jpeg 1080w\" sizes=\"auto, (max-width: 224px) 100vw, 224px\" \/><\/p>\n","protected":false},"excerpt":{"rendered":"<p>11 mij\u00eb pasagjer\u00eb priti Porti i Durr\u00ebsit fundjav\u00ebn q\u00eb lam\u00eb pas. Shif\u00ebr e publikuar nga vet\u00eb Rama, ideatori dhe p\u00ebrfituesi kryesor i projektit t\u00eb vjedhjes me ligj t\u00eb portit m\u00eb t\u00eb madh n\u00eb vend. Nga nj\u00ebra an\u00eb e reklamon (duke e v\u00ebn\u00eb theksin te r\u00ebnd\u00ebsia dhe domosdoshm\u00ebria e k\u00ebtij porti), nga ana tjet\u00ebr prej 3 [&hellip;]<\/p>\n","protected":false},"author":2,"featured_media":55031,"comment_status":"open","ping_status":"open","sticky":false,"template":"","format":"standard","meta":{"footnotes":""},"categories":[118,9],"tags":[],"class_list":{"0":"post-55029","1":"post","2":"type-post","3":"status-publish","4":"format-standard","5":"has-post-thumbnail","7":"category-kryesore","8":"category-politika"},"_links":{"self":[{"href":"https:\/\/neutrale.al\/index.php\/wp-json\/wp\/v2\/posts\/55029","targetHints":{"allow":["GET"]}}],"collection":[{"href":"https:\/\/neutrale.al\/index.php\/wp-json\/wp\/v2\/posts"}],"about":[{"href":"https:\/\/neutrale.al\/index.php\/wp-json\/wp\/v2\/types\/post"}],"author":[{"embeddable":true,"href":"https:\/\/neutrale.al\/index.php\/wp-json\/wp\/v2\/users\/2"}],"replies":[{"embeddable":true,"href":"https:\/\/neutrale.al\/index.php\/wp-json\/wp\/v2\/comments?post=55029"}],"version-history":[{"count":1,"href":"https:\/\/neutrale.al\/index.php\/wp-json\/wp\/v2\/posts\/55029\/revisions"}],"predecessor-version":[{"id":55032,"href":"https:\/\/neutrale.al\/index.php\/wp-json\/wp\/v2\/posts\/55029\/revisions\/55032"}],"wp:featuredmedia":[{"embeddable":true,"href":"https:\/\/neutrale.al\/index.php\/wp-json\/wp\/v2\/media\/55031"}],"wp:attachment":[{"href":"https:\/\/neutrale.al\/index.php\/wp-json\/wp\/v2\/media?parent=55029"}],"wp:term":[{"taxonomy":"category","embeddable":true,"href":"https:\/\/neutrale.al\/index.php\/wp-json\/wp\/v2\/categories?post=55029"},{"taxonomy":"post_tag","embeddable":true,"href":"https:\/\/neutrale.al\/index.php\/wp-json\/wp\/v2\/tags?post=55029"}],"curies":[{"name":"wp","href":"https:\/\/api.w.org\/{rel}","templated":true}]}}