{"id":55004,"date":"2023-07-24T18:59:48","date_gmt":"2023-07-24T18:59:48","guid":{"rendered":"https:\/\/neutrale.al\/?p=55004"},"modified":"2023-07-24T18:59:48","modified_gmt":"2023-07-24T18:59:48","slug":"protesta-te-medha-ne-jemen-kunder-djegies-se-kuranit","status":"publish","type":"post","link":"https:\/\/neutrale.al\/index.php\/2023\/07\/24\/protesta-te-medha-ne-jemen-kunder-djegies-se-kuranit\/","title":{"rendered":"Protesta t\u00eb m\u00ebdha n\u00eb Jemen kund\u00ebr djegies s\u00eb Kuranit"},"content":{"rendered":"<p>Mij\u00ebra njer\u00ebz demonstruan n\u00eb kryeqytetin e Jemenit t\u00eb h\u00ebn\u00ebn, raporton Reuters.<br \/>\nKjo \u00ebsht\u00eb n\u00eb shenj\u00eb proteste kund\u00ebr djegies s\u00eb fundit t\u00eb Kuranit n\u00eb Suedi dhe Danimark\u00eb.<br \/>\nThuhet se disa protestues rrah\u00ebn AK-47.<\/p>\n<p>T\u00eb h\u00ebn\u00ebn, grupi Danske Patrioter kreu nj\u00eb djegie t\u00eb Kuranit jasht\u00eb ambasad\u00ebs s\u00eb Irakut n\u00eb Kopenhag\u00eb. <\/p>\n<p>Aksioni u transmetua drejtp\u00ebrdrejt n\u00eb Facebook.<\/p>\n<p>M\u00eb von\u00eb pasdite, sipas koh\u00ebs suedeze, demonstrata t\u00eb m\u00ebdha u mbajt\u00ebn n\u00eb kryeqytetin e Jemenit Sanaa, raporton Reuters. N\u00eb foto, protestuesit shihen duke ecur me nj\u00eb kopje gjigante t\u00eb Kuranit. Ata gjithashtu duhet t\u00eb ken\u00eb parulla b\u00ebrtit\u00ebse.<\/p>\n<p>Sipas agjencis\u00eb s\u00eb lajmeve, disa kan\u00eb tundur edhe kam\u00eb, pistoleta dhe AK-47.<br \/>\nDemonstrata u organizua nga rebel\u00ebt Huthi, t\u00eb cil\u00ebt kan\u00eb kontrolluar pjes\u00eb t\u00eb m\u00ebdha t\u00eb Jemenit veriper\u00ebndimor &#8211; duke p\u00ebrfshir\u00eb kryeqytetin &#8211; q\u00eb nga fundi i vitit 2014<\/p>\n","protected":false},"excerpt":{"rendered":"<p>Mij\u00ebra njer\u00ebz demonstruan n\u00eb kryeqytetin e Jemenit t\u00eb h\u00ebn\u00ebn, raporton Reuters. Kjo \u00ebsht\u00eb n\u00eb shenj\u00eb proteste kund\u00ebr djegies s\u00eb fundit t\u00eb Kuranit n\u00eb Suedi dhe Danimark\u00eb. Thuhet se disa protestues rrah\u00ebn AK-47. T\u00eb h\u00ebn\u00ebn, grupi Danske Patrioter kreu nj\u00eb djegie t\u00eb Kuranit jasht\u00eb ambasad\u00ebs s\u00eb Irakut n\u00eb Kopenhag\u00eb. Aksioni u transmetua drejtp\u00ebrdrejt n\u00eb Facebook. M\u00eb [&hellip;]<\/p>\n","protected":false},"author":2,"featured_media":55005,"comment_status":"open","ping_status":"open","sticky":false,"template":"","format":"standard","meta":{"footnotes":""},"categories":[12],"tags":[27],"class_list":{"0":"post-55004","1":"post","2":"type-post","3":"status-publish","4":"format-standard","5":"has-post-thumbnail","7":"category-bota","8":"tag-lajme"},"_links":{"self":[{"href":"https:\/\/neutrale.al\/index.php\/wp-json\/wp\/v2\/posts\/55004","targetHints":{"allow":["GET"]}}],"collection":[{"href":"https:\/\/neutrale.al\/index.php\/wp-json\/wp\/v2\/posts"}],"about":[{"href":"https:\/\/neutrale.al\/index.php\/wp-json\/wp\/v2\/types\/post"}],"author":[{"embeddable":true,"href":"https:\/\/neutrale.al\/index.php\/wp-json\/wp\/v2\/users\/2"}],"replies":[{"embeddable":true,"href":"https:\/\/neutrale.al\/index.php\/wp-json\/wp\/v2\/comments?post=55004"}],"version-history":[{"count":1,"href":"https:\/\/neutrale.al\/index.php\/wp-json\/wp\/v2\/posts\/55004\/revisions"}],"predecessor-version":[{"id":55006,"href":"https:\/\/neutrale.al\/index.php\/wp-json\/wp\/v2\/posts\/55004\/revisions\/55006"}],"wp:featuredmedia":[{"embeddable":true,"href":"https:\/\/neutrale.al\/index.php\/wp-json\/wp\/v2\/media\/55005"}],"wp:attachment":[{"href":"https:\/\/neutrale.al\/index.php\/wp-json\/wp\/v2\/media?parent=55004"}],"wp:term":[{"taxonomy":"category","embeddable":true,"href":"https:\/\/neutrale.al\/index.php\/wp-json\/wp\/v2\/categories?post=55004"},{"taxonomy":"post_tag","embeddable":true,"href":"https:\/\/neutrale.al\/index.php\/wp-json\/wp\/v2\/tags?post=55004"}],"curies":[{"name":"wp","href":"https:\/\/api.w.org\/{rel}","templated":true}]}}