{"id":55001,"date":"2023-07-24T18:58:41","date_gmt":"2023-07-24T18:58:41","guid":{"rendered":"https:\/\/neutrale.al\/?p=55001"},"modified":"2023-07-24T18:58:41","modified_gmt":"2023-07-24T18:58:41","slug":"britani-e-madhe-predikuesi-mysliman-akuzohet-per-vepra-terroriste","status":"publish","type":"post","link":"https:\/\/neutrale.al\/index.php\/2023\/07\/24\/britani-e-madhe-predikuesi-mysliman-akuzohet-per-vepra-terroriste\/","title":{"rendered":"Britani e Madhe\/ Predikuesi mysliman akuzohet p\u00ebr vepra terroriste"},"content":{"rendered":"<p>MB \u2022Nj\u00eb predikues mysliman n\u00eb Britani \u00ebsht\u00eb arrestuar n\u00ebn dyshimin p\u00ebr an\u00ebtar\u00ebsim n\u00eb nj\u00eb organizat\u00eb terroriste. Nj\u00eb person tjet\u00ebr u arrestua n\u00eb Heathrow n\u00eb t\u00eb nj\u00ebjt\u00ebn dit\u00eb.<\/p>\n<p>Predikuesi radikal islamik Anjem Choudary \u00ebsht\u00eb akuzuar p\u00ebr tre vepra terroriste pasi u arrestua n\u00eb Lond\u00ebr jav\u00ebn e kaluar, njoftoi policia t\u00eb h\u00ebn\u00ebn.<\/p>\n<p>Choudary u akuzua p\u00ebr an\u00ebtar\u00ebsim n\u00eb nj\u00eb organizat\u00eb t\u00eb ndaluar, drejtimin e nj\u00eb organizate terroriste dhe mbajtjen e takimeve p\u00ebr t\u00eb inkurajuar mb\u00ebshtetjen p\u00ebr nj\u00eb organizat\u00eb t\u00eb ndaluar, tha policia. Ai do t\u00eb dal\u00eb n\u00eb gjykat\u00eb n\u00eb Lond\u00ebr t\u00eb h\u00ebn\u00ebn.<\/p>\n<p>Choudary, ish-udh\u00ebheq\u00ebsi i organizat\u00ebs tashm\u00eb t\u00eb ndaluar al-Muhajiroun, t\u00ebrhoqi v\u00ebmendjen duke lavd\u00ebruar njer\u00ebzit pas sulmeve t\u00eb 11 shtatorit n\u00eb Shtetet e Bashkuara dhe duke th\u00ebn\u00eb se donte ta kthente Pallatin Buckingham n\u00eb nj\u00eb xhami.<\/p>\n<p>Ndjek\u00ebsit e tij kan\u00eb qen\u00eb t\u00eb lidhur me komplote t\u00eb shumta sulmesh n\u00eb mbar\u00eb bot\u00ebn.<\/p>\n<p>Nj\u00eb shtetas kanadez 28-vje\u00e7ar \u00ebsht\u00eb akuzuar gjithashtu p\u00ebr an\u00ebtar\u00ebsim n\u00eb nj\u00eb organizat\u00eb t\u00eb ndaluar pasi u arrestua n\u00eb t\u00eb nj\u00ebjt\u00ebn dit\u00eb me Choudary, kur ai mb\u00ebrriti me nj\u00eb fluturim n\u00eb aeroportin Heathrow, tha policia, sipas Reuters<\/p>\n","protected":false},"excerpt":{"rendered":"<p>MB \u2022Nj\u00eb predikues mysliman n\u00eb Britani \u00ebsht\u00eb arrestuar n\u00ebn dyshimin p\u00ebr an\u00ebtar\u00ebsim n\u00eb nj\u00eb organizat\u00eb terroriste. Nj\u00eb person tjet\u00ebr u arrestua n\u00eb Heathrow n\u00eb t\u00eb nj\u00ebjt\u00ebn dit\u00eb. Predikuesi radikal islamik Anjem Choudary \u00ebsht\u00eb akuzuar p\u00ebr tre vepra terroriste pasi u arrestua n\u00eb Lond\u00ebr jav\u00ebn e kaluar, njoftoi policia t\u00eb h\u00ebn\u00ebn. Choudary u akuzua p\u00ebr an\u00ebtar\u00ebsim [&hellip;]<\/p>\n","protected":false},"author":2,"featured_media":55002,"comment_status":"open","ping_status":"open","sticky":false,"template":"","format":"standard","meta":{"footnotes":""},"categories":[12],"tags":[27],"class_list":{"0":"post-55001","1":"post","2":"type-post","3":"status-publish","4":"format-standard","5":"has-post-thumbnail","7":"category-bota","8":"tag-lajme"},"_links":{"self":[{"href":"https:\/\/neutrale.al\/index.php\/wp-json\/wp\/v2\/posts\/55001","targetHints":{"allow":["GET"]}}],"collection":[{"href":"https:\/\/neutrale.al\/index.php\/wp-json\/wp\/v2\/posts"}],"about":[{"href":"https:\/\/neutrale.al\/index.php\/wp-json\/wp\/v2\/types\/post"}],"author":[{"embeddable":true,"href":"https:\/\/neutrale.al\/index.php\/wp-json\/wp\/v2\/users\/2"}],"replies":[{"embeddable":true,"href":"https:\/\/neutrale.al\/index.php\/wp-json\/wp\/v2\/comments?post=55001"}],"version-history":[{"count":1,"href":"https:\/\/neutrale.al\/index.php\/wp-json\/wp\/v2\/posts\/55001\/revisions"}],"predecessor-version":[{"id":55003,"href":"https:\/\/neutrale.al\/index.php\/wp-json\/wp\/v2\/posts\/55001\/revisions\/55003"}],"wp:featuredmedia":[{"embeddable":true,"href":"https:\/\/neutrale.al\/index.php\/wp-json\/wp\/v2\/media\/55002"}],"wp:attachment":[{"href":"https:\/\/neutrale.al\/index.php\/wp-json\/wp\/v2\/media?parent=55001"}],"wp:term":[{"taxonomy":"category","embeddable":true,"href":"https:\/\/neutrale.al\/index.php\/wp-json\/wp\/v2\/categories?post=55001"},{"taxonomy":"post_tag","embeddable":true,"href":"https:\/\/neutrale.al\/index.php\/wp-json\/wp\/v2\/tags?post=55001"}],"curies":[{"name":"wp","href":"https:\/\/api.w.org\/{rel}","templated":true}]}}