{"id":54882,"date":"2023-07-23T16:30:41","date_gmt":"2023-07-23T16:30:41","guid":{"rendered":"https:\/\/neutrale.al\/?p=54882"},"modified":"2023-07-23T16:30:41","modified_gmt":"2023-07-23T16:30:41","slug":"julian-saraci-kombet-ashtu-si-njerezit-duhet-te-mbajne-pergjegjesi-kur-kane-faj","status":"publish","type":"post","link":"https:\/\/neutrale.al\/index.php\/2023\/07\/23\/julian-saraci-kombet-ashtu-si-njerezit-duhet-te-mbajne-pergjegjesi-kur-kane-faj\/","title":{"rendered":"Julian Sara\u00e7i\/ Kombet, ashtu si njer\u00ebzit duhet t\u00eb mbajn\u00eb p\u00ebrgjegj\u00ebsi kur kan\u00eb faj&#8230;"},"content":{"rendered":"<p>Kombet, ashtu si njer\u00ebzit duhet t\u00eb mbajn\u00eb p\u00ebrgjegj\u00ebsi kur kan\u00eb faj duke u pastruar moralisht nga brenda dhe ligj\u00ebrisht nga jasht\u00eb.<\/p>\n<p>Sipas Karl Jaspers, brezat e sot\u00ebm mbartin ndjenj\u00ebn e fajit p\u00ebr krimet e brezave t\u00eb djesh\u00ebm, pasi shoq\u00ebria ekziston si nj\u00eb marr\u00ebveshje midis atyre q\u00eb nuk jan\u00eb, q\u00eb jan\u00eb dhe q\u00eb do t\u00eb jen\u00eb. Ndaj, moralisht dhe ligj\u00ebrisht, komunizmi dhe komunist\u00ebt duhej t\u00eb ishin nd\u00ebshkuar.<\/p>\n<p>Shqip\u00ebria nuk do t\u00eb ket\u00eb kurr\u00eb zhvillim si shtet, n\u00ebse s\u00eb pari, ne brezi i sot\u00ebm nuk marrim p\u00ebrgjegj\u00ebsi p\u00ebr krimet e tyre duke i nd\u00ebshkuar ato dhe ndalimin me \u00e7do kusht t\u00eb posteve publike minimalisht p\u00ebr 3 breza t\u00eb atyre q\u00eb kan\u00eb qen\u00eb pjes\u00eb e sistemit. N\u00eb Shqip\u00ebri, fatkeq\u00ebsisht, nip\u00ebrit e mbesat jo vet\u00ebm q\u00eb i kan\u00eb mbuluar dhe jo d\u00ebnuar krimet e gjysh\u00ebrve t\u00eb tyre, por i shtojn\u00eb ato.<\/p>\n<p>\u00c7do parti e l\u00ebvizje e OJF duhet ta filloj pik\u00ebrisht k\u00ebtu, n\u00ebse e do Shqip\u00ebrin\u00eb, nj\u00ebsoj si\u00e7 Gjermania ka b\u00ebr\u00eb me nazismin. <\/p>\n<p>#falZotitnukjamkomunist<\/p>\n","protected":false},"excerpt":{"rendered":"<p>Kombet, ashtu si njer\u00ebzit duhet t\u00eb mbajn\u00eb p\u00ebrgjegj\u00ebsi kur kan\u00eb faj duke u pastruar moralisht nga brenda dhe ligj\u00ebrisht nga jasht\u00eb. Sipas Karl Jaspers, brezat e sot\u00ebm mbartin ndjenj\u00ebn e fajit p\u00ebr krimet e brezave t\u00eb djesh\u00ebm, pasi shoq\u00ebria ekziston si nj\u00eb marr\u00ebveshje midis atyre q\u00eb nuk jan\u00eb, q\u00eb jan\u00eb dhe q\u00eb do t\u00eb jen\u00eb. [&hellip;]<\/p>\n","protected":false},"author":2,"featured_media":54883,"comment_status":"open","ping_status":"open","sticky":false,"template":"","format":"standard","meta":{"footnotes":""},"categories":[2],"tags":[],"class_list":{"0":"post-54882","1":"post","2":"type-post","3":"status-publish","4":"format-standard","5":"has-post-thumbnail","7":"category-opinione"},"_links":{"self":[{"href":"https:\/\/neutrale.al\/index.php\/wp-json\/wp\/v2\/posts\/54882","targetHints":{"allow":["GET"]}}],"collection":[{"href":"https:\/\/neutrale.al\/index.php\/wp-json\/wp\/v2\/posts"}],"about":[{"href":"https:\/\/neutrale.al\/index.php\/wp-json\/wp\/v2\/types\/post"}],"author":[{"embeddable":true,"href":"https:\/\/neutrale.al\/index.php\/wp-json\/wp\/v2\/users\/2"}],"replies":[{"embeddable":true,"href":"https:\/\/neutrale.al\/index.php\/wp-json\/wp\/v2\/comments?post=54882"}],"version-history":[{"count":1,"href":"https:\/\/neutrale.al\/index.php\/wp-json\/wp\/v2\/posts\/54882\/revisions"}],"predecessor-version":[{"id":54884,"href":"https:\/\/neutrale.al\/index.php\/wp-json\/wp\/v2\/posts\/54882\/revisions\/54884"}],"wp:featuredmedia":[{"embeddable":true,"href":"https:\/\/neutrale.al\/index.php\/wp-json\/wp\/v2\/media\/54883"}],"wp:attachment":[{"href":"https:\/\/neutrale.al\/index.php\/wp-json\/wp\/v2\/media?parent=54882"}],"wp:term":[{"taxonomy":"category","embeddable":true,"href":"https:\/\/neutrale.al\/index.php\/wp-json\/wp\/v2\/categories?post=54882"},{"taxonomy":"post_tag","embeddable":true,"href":"https:\/\/neutrale.al\/index.php\/wp-json\/wp\/v2\/tags?post=54882"}],"curies":[{"name":"wp","href":"https:\/\/api.w.org\/{rel}","templated":true}]}}