{"id":54827,"date":"2023-07-23T10:54:59","date_gmt":"2023-07-23T10:54:59","guid":{"rendered":"https:\/\/neutrale.al\/?p=54827"},"modified":"2023-07-23T10:54:59","modified_gmt":"2023-07-23T10:54:59","slug":"natasha-ilia-curo-poezia-varg-i-jetes","status":"publish","type":"post","link":"https:\/\/neutrale.al\/index.php\/2023\/07\/23\/natasha-ilia-curo-poezia-varg-i-jetes\/","title":{"rendered":"Natasha Ilia \u00c7uro\/ POEZIA VARG I JET\u00cbS.."},"content":{"rendered":"<p>Ndoshta nuk shkrova vargje..<br \/>\nF\u00ebmij\u00ebris\u00eb e vock\u00ebl fare&#8230;<br \/>\nPo shpirtin mbrujta si brum\u00eb n\u00eb magje..<br \/>\nMe shum\u00eb drit\u00eb e pak llafe..<\/p>\n<p>Ishte k\u00ebng\u00eb \u00e7do kujtim..<br \/>\n\u00c7do lod\u00ebr me bashk\u00ebmoshatar\u00eb&#8230;<br \/>\nPoezia sot merr kuptim&#8230;<br \/>\nP\u00ebr \u00e7do ndodhi q\u00eb ka ngjar\u00eb..<\/p>\n<p>Syri ka par\u00eb &#8230;zemra drith\u00ebron..<br \/>\nMos, harrimi b\u00ebhet dhimbje..<br \/>\nKur je f\u00ebmij\u00eb \u00e7do gj\u00eb provon..<br \/>\nMiq\u00ebsin\u00eb dashuri q\u00eb ke n\u00eb vendlindje..<\/p>\n<p>Ah f\u00ebmij\u00ebri e dashur&#8230;<br \/>\nSe\u00e7 m\u00eb b\u00ebre t\u00eb ngash\u00ebrehem..<br \/>\nKur t\u00eb kujtoj shpirt zem\u00ebr plasur&#8230;<br \/>\nVe\u00e7 \u00ebmb\u00eblsi kujtim n\u00eb shpirt m\u00eb mbetesh..<\/p>\n<p>Dehem un\u00eb nga kujtimet&#8230;<br \/>\nAto n\u00eb shpirt m\u00eb trokasin&#8230;.<br \/>\nHarroj vetem d\u00ebshp\u00ebrimet&#8230;<br \/>\nLot\u00ebt faqeve r\u00ebshkasin&#8230;<\/p>\n<p>Aty n\u00ebn nj\u00eb shelg t\u00eb gjelb\u00ebr&#8230;<br \/>\nDhe n\u00eb hijen e nj\u00eb bliri&#8230;<br \/>\nN\u00eb vendlindje mendt\u00eb jo diku tjet\u00ebr&#8230;<br \/>\nAty \u00ebsht\u00eb z\u00ebri i nj\u00eb kujtimi&#8230;<\/p>\n","protected":false},"excerpt":{"rendered":"<p>Ndoshta nuk shkrova vargje.. F\u00ebmij\u00ebris\u00eb e vock\u00ebl fare&#8230; Po shpirtin mbrujta si brum\u00eb n\u00eb magje.. Me shum\u00eb drit\u00eb e pak llafe.. Ishte k\u00ebng\u00eb \u00e7do kujtim.. \u00c7do lod\u00ebr me bashk\u00ebmoshatar\u00eb&#8230; Poezia sot merr kuptim&#8230; P\u00ebr \u00e7do ndodhi q\u00eb ka ngjar\u00eb.. Syri ka par\u00eb &#8230;zemra drith\u00ebron.. Mos, harrimi b\u00ebhet dhimbje.. Kur je f\u00ebmij\u00eb \u00e7do gj\u00eb provon.. Miq\u00ebsin\u00eb [&hellip;]<\/p>\n","protected":false},"author":2,"featured_media":54828,"comment_status":"open","ping_status":"open","sticky":false,"template":"","format":"standard","meta":{"footnotes":""},"categories":[120],"tags":[],"class_list":{"0":"post-54827","1":"post","2":"type-post","3":"status-publish","4":"format-standard","5":"has-post-thumbnail","7":"category-letersi"},"_links":{"self":[{"href":"https:\/\/neutrale.al\/index.php\/wp-json\/wp\/v2\/posts\/54827","targetHints":{"allow":["GET"]}}],"collection":[{"href":"https:\/\/neutrale.al\/index.php\/wp-json\/wp\/v2\/posts"}],"about":[{"href":"https:\/\/neutrale.al\/index.php\/wp-json\/wp\/v2\/types\/post"}],"author":[{"embeddable":true,"href":"https:\/\/neutrale.al\/index.php\/wp-json\/wp\/v2\/users\/2"}],"replies":[{"embeddable":true,"href":"https:\/\/neutrale.al\/index.php\/wp-json\/wp\/v2\/comments?post=54827"}],"version-history":[{"count":1,"href":"https:\/\/neutrale.al\/index.php\/wp-json\/wp\/v2\/posts\/54827\/revisions"}],"predecessor-version":[{"id":54829,"href":"https:\/\/neutrale.al\/index.php\/wp-json\/wp\/v2\/posts\/54827\/revisions\/54829"}],"wp:featuredmedia":[{"embeddable":true,"href":"https:\/\/neutrale.al\/index.php\/wp-json\/wp\/v2\/media\/54828"}],"wp:attachment":[{"href":"https:\/\/neutrale.al\/index.php\/wp-json\/wp\/v2\/media?parent=54827"}],"wp:term":[{"taxonomy":"category","embeddable":true,"href":"https:\/\/neutrale.al\/index.php\/wp-json\/wp\/v2\/categories?post=54827"},{"taxonomy":"post_tag","embeddable":true,"href":"https:\/\/neutrale.al\/index.php\/wp-json\/wp\/v2\/tags?post=54827"}],"curies":[{"name":"wp","href":"https:\/\/api.w.org\/{rel}","templated":true}]}}