{"id":54795,"date":"2023-07-23T09:02:35","date_gmt":"2023-07-23T09:02:35","guid":{"rendered":"https:\/\/neutrale.al\/?p=54795"},"modified":"2023-07-23T09:02:35","modified_gmt":"2023-07-23T09:02:35","slug":"deklarata-e-liderit-suprem-te-iranit-per-suedine-ata-duan-lufte","status":"publish","type":"post","link":"https:\/\/neutrale.al\/index.php\/2023\/07\/23\/deklarata-e-liderit-suprem-te-iranit-per-suedine-ata-duan-lufte\/","title":{"rendered":"Deklarata e liderit suprem t\u00eb Iranit p\u00ebr Suedin\u00eb: Ata duan luft\u00eb&#8230;"},"content":{"rendered":"<p>Udh\u00ebheq\u00ebsi suprem i Iranit Ayatollah Ali Khamenei sulmon Suedin\u00eb n\u00eb Twitter.<\/p>\n<p>\u201cDuke mb\u00ebshtetur kriminel\u00ebt q\u00eb kan\u00eb djegur Kuranin, ata jan\u00eb p\u00ebrgatitur p\u00ebr luft\u00eb kund\u00ebr bot\u00ebs myslimane\u201d, shkruan ai.<\/p>\n<p>Udh\u00ebheq\u00ebsi suprem i Iranit i p\u00ebrshkruan veprimet e fundit t\u00eb Kuranit n\u00eb Suedi si t\u00eb hidhura, konspirative dhe t\u00eb rrezikshme.<br \/>\nN\u00eb disa postime n\u00eb Twitter, Ayatollah Ali Khamenei sulmon qeverin\u00eb suedeze dhe k\u00ebrkon veprim.<\/p>\n<p>\u201cQeveria suedeze duhet ta dij\u00eb se duke mb\u00ebshtetur kriminel\u00ebt q\u00eb kan\u00eb djegur Kuranin, ata jan\u00eb p\u00ebrgatitur p\u00ebr luft\u00eb kund\u00ebr bot\u00ebs myslimane\u201d, shkruan Khamenei n\u00eb Twitter.<br \/>\nAi gjithashtu shkruan se qeveria suedeze \u00ebsht\u00eb e detyruar t\u00eb arrestoj\u00eb ata q\u00eb jan\u00eb p\u00ebrgjegj\u00ebs p\u00ebr djegien e Kuranit &#8211; dhe pastaj t&#8217;ua dor\u00ebzoj\u00eb autoriteteve n\u00eb vendet muslimane.<\/p>\n<p>\u201cT\u00eb gjith\u00eb dijetar\u00ebt islam\u00eb ndajn\u00eb mendimin se ata q\u00eb kan\u00eb fyer Kuranin Fam\u00eblart\u00eb meritojn\u00eb d\u00ebnimin m\u00eb t\u00eb ashp\u00ebr\u201d, vazhdon ai.<\/p>\n","protected":false},"excerpt":{"rendered":"<p>Udh\u00ebheq\u00ebsi suprem i Iranit Ayatollah Ali Khamenei sulmon Suedin\u00eb n\u00eb Twitter. \u201cDuke mb\u00ebshtetur kriminel\u00ebt q\u00eb kan\u00eb djegur Kuranin, ata jan\u00eb p\u00ebrgatitur p\u00ebr luft\u00eb kund\u00ebr bot\u00ebs myslimane\u201d, shkruan ai. Udh\u00ebheq\u00ebsi suprem i Iranit i p\u00ebrshkruan veprimet e fundit t\u00eb Kuranit n\u00eb Suedi si t\u00eb hidhura, konspirative dhe t\u00eb rrezikshme. N\u00eb disa postime n\u00eb Twitter, Ayatollah Ali [&hellip;]<\/p>\n","protected":false},"author":2,"featured_media":54796,"comment_status":"open","ping_status":"open","sticky":false,"template":"","format":"standard","meta":{"footnotes":""},"categories":[12],"tags":[27],"class_list":{"0":"post-54795","1":"post","2":"type-post","3":"status-publish","4":"format-standard","5":"has-post-thumbnail","7":"category-bota","8":"tag-lajme"},"_links":{"self":[{"href":"https:\/\/neutrale.al\/index.php\/wp-json\/wp\/v2\/posts\/54795","targetHints":{"allow":["GET"]}}],"collection":[{"href":"https:\/\/neutrale.al\/index.php\/wp-json\/wp\/v2\/posts"}],"about":[{"href":"https:\/\/neutrale.al\/index.php\/wp-json\/wp\/v2\/types\/post"}],"author":[{"embeddable":true,"href":"https:\/\/neutrale.al\/index.php\/wp-json\/wp\/v2\/users\/2"}],"replies":[{"embeddable":true,"href":"https:\/\/neutrale.al\/index.php\/wp-json\/wp\/v2\/comments?post=54795"}],"version-history":[{"count":1,"href":"https:\/\/neutrale.al\/index.php\/wp-json\/wp\/v2\/posts\/54795\/revisions"}],"predecessor-version":[{"id":54797,"href":"https:\/\/neutrale.al\/index.php\/wp-json\/wp\/v2\/posts\/54795\/revisions\/54797"}],"wp:featuredmedia":[{"embeddable":true,"href":"https:\/\/neutrale.al\/index.php\/wp-json\/wp\/v2\/media\/54796"}],"wp:attachment":[{"href":"https:\/\/neutrale.al\/index.php\/wp-json\/wp\/v2\/media?parent=54795"}],"wp:term":[{"taxonomy":"category","embeddable":true,"href":"https:\/\/neutrale.al\/index.php\/wp-json\/wp\/v2\/categories?post=54795"},{"taxonomy":"post_tag","embeddable":true,"href":"https:\/\/neutrale.al\/index.php\/wp-json\/wp\/v2\/tags?post=54795"}],"curies":[{"name":"wp","href":"https:\/\/api.w.org\/{rel}","templated":true}]}}