{"id":54781,"date":"2023-07-23T08:52:42","date_gmt":"2023-07-23T08:52:42","guid":{"rendered":"https:\/\/neutrale.al\/?p=54781"},"modified":"2023-07-23T08:52:42","modified_gmt":"2023-07-23T08:52:42","slug":"sot-rrogozhina-voton-per-kryebashkiakun-e-ri","status":"publish","type":"post","link":"https:\/\/neutrale.al\/index.php\/2023\/07\/23\/sot-rrogozhina-voton-per-kryebashkiakun-e-ri\/","title":{"rendered":"Sot Rrogozhina voton p\u00ebr kryebashkiakun e ri"},"content":{"rendered":"<p>Jan\u00eb hapur qendrat e votimit n\u00eb Bashkin\u00eb e Rrogozhin\u00ebs, qytetar\u00ebt e s\u00eb cil\u00ebs do t\u00eb zgjedhin kryetarin e ri t\u00eb bashkis\u00eb.<\/p>\n<p>Rreth 33 mij\u00eb qytetar\u00eb t\u00eb Rrogozhin\u00ebs jan\u00eb thirrur s\u00ebrish n\u00eb votime.<\/p>\n<p>N\u00eb gar\u00eb do t\u00eb jen\u00eb s\u00ebrish Edison Memolla i Partis\u00eb Socialiste dhe Shk\u00eblqim Hoxha i koalicionit opozitar \u2018Bashk\u00eb Fitojm\u00eb\u2019.<\/p>\n<p>Ky vendim u dha pasi Kolegji Zgjedhor urdh\u00ebroi p\u00ebrs\u00ebritjen e zgjedhjeve lokale n\u00eb Rrogozhin\u00eb duke shpallur t\u00eb pavlefsh\u00ebm rezultatin e votimeve t\u00eb 14 majit.<\/p>\n<p>Kutia e burgut t\u00eb Rrogozhin\u00ebs u b\u00eb shkak p\u00ebr p\u00ebrs\u00ebritjen e zgjedhjeve n\u00eb k\u00ebt\u00eb bashki dhe nes\u00ebr p\u00ebrtej k\u00ebrkes\u00ebs s\u00eb PS-s\u00eb, t\u00eb burgosurit nuk do t\u00eb votojn\u00eb.<\/p>\n<p>Burime zyrtare nga Policia b\u00ebjn\u00eb me dije se n\u00eb Drejtorin\u00eb Vendore t\u00eb Policis\u00eb Durr\u00ebs dhe n\u00eb Komisariatin e Policis\u00eb Kavaj\u00eb, jan\u00eb ngritur Grupet e Drejtimit p\u00ebr mbar\u00ebvajtjen e procesit zgjedhor si dhe menaxhimin e \u00e7do lloj situate<\/p>\n","protected":false},"excerpt":{"rendered":"<p>Jan\u00eb hapur qendrat e votimit n\u00eb Bashkin\u00eb e Rrogozhin\u00ebs, qytetar\u00ebt e s\u00eb cil\u00ebs do t\u00eb zgjedhin kryetarin e ri t\u00eb bashkis\u00eb. Rreth 33 mij\u00eb qytetar\u00eb t\u00eb Rrogozhin\u00ebs jan\u00eb thirrur s\u00ebrish n\u00eb votime. N\u00eb gar\u00eb do t\u00eb jen\u00eb s\u00ebrish Edison Memolla i Partis\u00eb Socialiste dhe Shk\u00eblqim Hoxha i koalicionit opozitar \u2018Bashk\u00eb Fitojm\u00eb\u2019. Ky vendim u dha [&hellip;]<\/p>\n","protected":false},"author":2,"featured_media":54782,"comment_status":"open","ping_status":"open","sticky":false,"template":"","format":"standard","meta":{"footnotes":""},"categories":[118,9],"tags":[],"class_list":{"0":"post-54781","1":"post","2":"type-post","3":"status-publish","4":"format-standard","5":"has-post-thumbnail","7":"category-kryesore","8":"category-politika"},"_links":{"self":[{"href":"https:\/\/neutrale.al\/index.php\/wp-json\/wp\/v2\/posts\/54781","targetHints":{"allow":["GET"]}}],"collection":[{"href":"https:\/\/neutrale.al\/index.php\/wp-json\/wp\/v2\/posts"}],"about":[{"href":"https:\/\/neutrale.al\/index.php\/wp-json\/wp\/v2\/types\/post"}],"author":[{"embeddable":true,"href":"https:\/\/neutrale.al\/index.php\/wp-json\/wp\/v2\/users\/2"}],"replies":[{"embeddable":true,"href":"https:\/\/neutrale.al\/index.php\/wp-json\/wp\/v2\/comments?post=54781"}],"version-history":[{"count":2,"href":"https:\/\/neutrale.al\/index.php\/wp-json\/wp\/v2\/posts\/54781\/revisions"}],"predecessor-version":[{"id":54784,"href":"https:\/\/neutrale.al\/index.php\/wp-json\/wp\/v2\/posts\/54781\/revisions\/54784"}],"wp:featuredmedia":[{"embeddable":true,"href":"https:\/\/neutrale.al\/index.php\/wp-json\/wp\/v2\/media\/54782"}],"wp:attachment":[{"href":"https:\/\/neutrale.al\/index.php\/wp-json\/wp\/v2\/media?parent=54781"}],"wp:term":[{"taxonomy":"category","embeddable":true,"href":"https:\/\/neutrale.al\/index.php\/wp-json\/wp\/v2\/categories?post=54781"},{"taxonomy":"post_tag","embeddable":true,"href":"https:\/\/neutrale.al\/index.php\/wp-json\/wp\/v2\/tags?post=54781"}],"curies":[{"name":"wp","href":"https:\/\/api.w.org\/{rel}","templated":true}]}}