{"id":54733,"date":"2023-07-22T15:35:43","date_gmt":"2023-07-22T15:35:43","guid":{"rendered":"https:\/\/neutrale.al\/?p=54733"},"modified":"2023-07-22T15:35:43","modified_gmt":"2023-07-22T15:35:43","slug":"sot-mbylli-syte-bilbili-i-kenges-matjane-feride-kurti","status":"publish","type":"post","link":"https:\/\/neutrale.al\/index.php\/2023\/07\/22\/sot-mbylli-syte-bilbili-i-kenges-matjane-feride-kurti\/","title":{"rendered":"Sot mbylli syt\u00eb bilbili i k\u00ebng\u00ebs Matjane, Feride Kurti"},"content":{"rendered":"<p>Artistja Matjane Feride Kurti nd\u00ebrroi jet\u00eb sot n\u00eb mosh\u00ebn 86 vje\u00e7are.<br \/>\nZ\u00ebri i k\u00ebsaj k\u00ebng\u00ebtare do t\u00eb p\u00eblqehej e duartrokitej n\u00eb gjith\u00eb Shqip\u00ebrin\u00eb e do t\u00eb \u00e7onte n\u00eb k\u00ebmb\u00eb qindra e mij\u00ebra njer\u00ebz n\u00eb kalan\u00eb e Gjirokastr\u00ebs, n\u00eb Pallatin e Kultur\u00ebs t\u00eb kryeqytetit, n\u00eb fshatra e qytete, anemban\u00eb vendit.<br \/>\nNj\u00eb mori me k\u00ebng\u00eb p\u00ebr luftrat e liris\u00eb, k\u00ebng\u00eb lirike matjane, q\u00eb jan\u00eb t\u00eb rralla p\u00ebr melodit\u00eb dhe vargjet e ndjera, pruri e p\u00ebrcolli viteve Feride Kurti.\u00a0<\/p>\n<p>Ka qen\u00eb Radio Kuk\u00ebsi, institucioni q\u00eb k\u00ebng\u00ebt e Ferides i ka p\u00ebrcjell\u00eb p\u00ebr shqiptar\u00ebt matan\u00eb Drinit, n\u00eb Kosov\u00eb e Maqedoni dhe p\u00ebrtej liqenit t\u00eb Shkodr\u00ebs, Radio Shkodra, n\u00eb Mal t\u00eb Zi. <\/p>\n<p>E thjeshta, si njer\u00ebzore dhe e madhja, si k\u00ebng\u00ebtare, Feride Kurti \u201cq\u00ebndisi\u201d p\u00ebr Matin nj\u00eb gjerdan me k\u00ebng\u00eb popullore. Sa her\u00eb do t\u2019i d\u00ebgjojm\u00eb ato k\u00ebng\u00eb, apo t\u2019i sjellim n\u00eb kujtes\u00eb ata vite t\u00eb zhvillimit t\u00eb vrullsh\u00ebm, t\u00eb veprimtarive kulturore artistike t\u00eb Burrelit do t\u00eb themi: \u201cAh, kur k\u00ebndonte Feride Kurti!\u201d<\/p>\n<p>Lamtumir\u00eb e madhja Feride Kurti !<\/p>\n","protected":false},"excerpt":{"rendered":"<p>Artistja Matjane Feride Kurti nd\u00ebrroi jet\u00eb sot n\u00eb mosh\u00ebn 86 vje\u00e7are. Z\u00ebri i k\u00ebsaj k\u00ebng\u00ebtare do t\u00eb p\u00eblqehej e duartrokitej n\u00eb gjith\u00eb Shqip\u00ebrin\u00eb e do t\u00eb \u00e7onte n\u00eb k\u00ebmb\u00eb qindra e mij\u00ebra njer\u00ebz n\u00eb kalan\u00eb e Gjirokastr\u00ebs, n\u00eb Pallatin e Kultur\u00ebs t\u00eb kryeqytetit, n\u00eb fshatra e qytete, anemban\u00eb vendit. Nj\u00eb mori me k\u00ebng\u00eb p\u00ebr luftrat [&hellip;]<\/p>\n","protected":false},"author":2,"featured_media":54734,"comment_status":"open","ping_status":"open","sticky":false,"template":"","format":"standard","meta":{"footnotes":""},"categories":[1],"tags":[],"class_list":{"0":"post-54733","1":"post","2":"type-post","3":"status-publish","4":"format-standard","5":"has-post-thumbnail","7":"category-te-tjera"},"_links":{"self":[{"href":"https:\/\/neutrale.al\/index.php\/wp-json\/wp\/v2\/posts\/54733","targetHints":{"allow":["GET"]}}],"collection":[{"href":"https:\/\/neutrale.al\/index.php\/wp-json\/wp\/v2\/posts"}],"about":[{"href":"https:\/\/neutrale.al\/index.php\/wp-json\/wp\/v2\/types\/post"}],"author":[{"embeddable":true,"href":"https:\/\/neutrale.al\/index.php\/wp-json\/wp\/v2\/users\/2"}],"replies":[{"embeddable":true,"href":"https:\/\/neutrale.al\/index.php\/wp-json\/wp\/v2\/comments?post=54733"}],"version-history":[{"count":1,"href":"https:\/\/neutrale.al\/index.php\/wp-json\/wp\/v2\/posts\/54733\/revisions"}],"predecessor-version":[{"id":54735,"href":"https:\/\/neutrale.al\/index.php\/wp-json\/wp\/v2\/posts\/54733\/revisions\/54735"}],"wp:featuredmedia":[{"embeddable":true,"href":"https:\/\/neutrale.al\/index.php\/wp-json\/wp\/v2\/media\/54734"}],"wp:attachment":[{"href":"https:\/\/neutrale.al\/index.php\/wp-json\/wp\/v2\/media?parent=54733"}],"wp:term":[{"taxonomy":"category","embeddable":true,"href":"https:\/\/neutrale.al\/index.php\/wp-json\/wp\/v2\/categories?post=54733"},{"taxonomy":"post_tag","embeddable":true,"href":"https:\/\/neutrale.al\/index.php\/wp-json\/wp\/v2\/tags?post=54733"}],"curies":[{"name":"wp","href":"https:\/\/api.w.org\/{rel}","templated":true}]}}