{"id":54662,"date":"2023-07-21T19:56:43","date_gmt":"2023-07-21T19:56:43","guid":{"rendered":"https:\/\/neutrale.al\/?p=54662"},"modified":"2023-07-21T19:56:43","modified_gmt":"2023-07-21T19:56:43","slug":"kryemadhi-qeveria-shqiptare-do-quhet-qeveri-e-dardhave-kryeministri-2-metra-dhe-ministrat-hane-dardhe-pas-kurrizit-te-tij","status":"publish","type":"post","link":"https:\/\/neutrale.al\/index.php\/2023\/07\/21\/kryemadhi-qeveria-shqiptare-do-quhet-qeveri-e-dardhave-kryeministri-2-metra-dhe-ministrat-hane-dardhe-pas-kurrizit-te-tij\/","title":{"rendered":"Kryemadhi: Qeveria shqiptare do quhet qeveri e Dardhave. Kryeministri 2 metra dhe ministrat han\u00eb dardh\u00eb pas kurrizit t\u00eb tij"},"content":{"rendered":"<p>K\u00ebshtu shprehet n\u00eb  nj\u00eb reagim n\u00eb rrjetet sociale deputetja e Partis\u00eb s\u00eb Liris\u00eb, Monika Kryemadhi.<\/p>\n<p>Reagimi i plot\u00eb i saj:<\/p>\n<p>Nga sot e n\u00eb vijim Qeverin\u00eb shqiptare do ta quajm\u00eb Qeveri e Dardhave, ose Qeveri totalisht e paaft\u00eb.<\/p>\n<p>K\u00ebt\u00eb e ndajn\u00eb shqiptar\u00ebt n\u00eb zgjedhjet e radh\u00ebs, q\u00eb mund t\u00eb jen\u00eb edhe m\u00eb shpejt sesa parashikimi. <\/p>\n<p>Po si more, dy metra KM, paska ngr\u00ebn\u00eb dardha edhe Frida pas kurrizit t\u00ebnd?! <\/p>\n<p>Po si shpjegohet, q\u00eb e gjith\u00eb Qeveria p\u00ebrlyhet e p\u00ebrzihet me Incenerator\u00ebt? <\/p>\n<p>Po si shpjegohet, q\u00eb i kan\u00eb kaq shum\u00eb qejf plehrat, aq sa nuk lan\u00eb familjar pa u p\u00ebrzier\u00eb me to?! <\/p>\n<p>Rast\u00ebsi e \u00e7uditshme?! Po sa qejf i paska patur dardhat kjo qeveri mor aman. <\/p>\n<p>Dhe p\u00ebr ata q\u00eb kan\u00eb interes  p\u00ebr foton, aty tregohet sesi v\u00ebllai i Ministres s\u00eb Bujq\u00ebsis\u00eb, &#8220;bente biznes&#8221; me inceneratorin e Tiran\u00ebs, n\u00eb koh\u00ebn kur motra e tij aprovonte fonde p\u00ebr ser\u00ebn tek inceneratori i Tiran\u00ebs.<\/p>\n","protected":false},"excerpt":{"rendered":"<p>K\u00ebshtu shprehet n\u00eb nj\u00eb reagim n\u00eb rrjetet sociale deputetja e Partis\u00eb s\u00eb Liris\u00eb, Monika Kryemadhi. Reagimi i plot\u00eb i saj: Nga sot e n\u00eb vijim Qeverin\u00eb shqiptare do ta quajm\u00eb Qeveri e Dardhave, ose Qeveri totalisht e paaft\u00eb. K\u00ebt\u00eb e ndajn\u00eb shqiptar\u00ebt n\u00eb zgjedhjet e radh\u00ebs, q\u00eb mund t\u00eb jen\u00eb edhe m\u00eb shpejt sesa parashikimi. [&hellip;]<\/p>\n","protected":false},"author":2,"featured_media":54663,"comment_status":"open","ping_status":"open","sticky":false,"template":"","format":"standard","meta":{"footnotes":""},"categories":[118,9],"tags":[],"class_list":{"0":"post-54662","1":"post","2":"type-post","3":"status-publish","4":"format-standard","5":"has-post-thumbnail","7":"category-kryesore","8":"category-politika"},"_links":{"self":[{"href":"https:\/\/neutrale.al\/index.php\/wp-json\/wp\/v2\/posts\/54662","targetHints":{"allow":["GET"]}}],"collection":[{"href":"https:\/\/neutrale.al\/index.php\/wp-json\/wp\/v2\/posts"}],"about":[{"href":"https:\/\/neutrale.al\/index.php\/wp-json\/wp\/v2\/types\/post"}],"author":[{"embeddable":true,"href":"https:\/\/neutrale.al\/index.php\/wp-json\/wp\/v2\/users\/2"}],"replies":[{"embeddable":true,"href":"https:\/\/neutrale.al\/index.php\/wp-json\/wp\/v2\/comments?post=54662"}],"version-history":[{"count":1,"href":"https:\/\/neutrale.al\/index.php\/wp-json\/wp\/v2\/posts\/54662\/revisions"}],"predecessor-version":[{"id":54664,"href":"https:\/\/neutrale.al\/index.php\/wp-json\/wp\/v2\/posts\/54662\/revisions\/54664"}],"wp:featuredmedia":[{"embeddable":true,"href":"https:\/\/neutrale.al\/index.php\/wp-json\/wp\/v2\/media\/54663"}],"wp:attachment":[{"href":"https:\/\/neutrale.al\/index.php\/wp-json\/wp\/v2\/media?parent=54662"}],"wp:term":[{"taxonomy":"category","embeddable":true,"href":"https:\/\/neutrale.al\/index.php\/wp-json\/wp\/v2\/categories?post=54662"},{"taxonomy":"post_tag","embeddable":true,"href":"https:\/\/neutrale.al\/index.php\/wp-json\/wp\/v2\/tags?post=54662"}],"curies":[{"name":"wp","href":"https:\/\/api.w.org\/{rel}","templated":true}]}}