{"id":54659,"date":"2023-07-21T19:18:24","date_gmt":"2023-07-21T19:18:24","guid":{"rendered":"https:\/\/neutrale.al\/?p=54659"},"modified":"2023-07-21T19:18:24","modified_gmt":"2023-07-21T19:18:24","slug":"tragjedi-ne-gramsh-mbyten-ne-liqen-babai-me-dy-djemte-dhe-kusheriri-i-tyre","status":"publish","type":"post","link":"https:\/\/neutrale.al\/index.php\/2023\/07\/21\/tragjedi-ne-gramsh-mbyten-ne-liqen-babai-me-dy-djemte-dhe-kusheriri-i-tyre\/","title":{"rendered":"Tragjedi n\u00eb Gramsh\/ Mbyten n\u00eb liqen babai me dy djemt\u00eb dhe kush\u00ebriri i tyre"},"content":{"rendered":"<p>Nj\u00eb tragjedi e r\u00ebnd\u00eb ka ndodhur mbr\u00ebmje e sotme n\u00eb Liqenin e Banj\u00ebs n\u00eb Gramsh. Burime zyrtare nga policia lokale kan\u00eb b\u00ebr\u00eb ditur se, 4 persona, babai me dy djemt\u00eb dhe nj\u00eb kush\u00ebriri i tyre jan\u00eb futur n\u00eb liqen dhe nuk kan\u00eb dal\u00eb m\u00eb.<\/p>\n<p>Gramsh\/ Informacion paraprak<\/p>\n<p>Rreth or\u00ebs 19:00, Salla Operative e Komisariatit t\u00eb Policis\u00eb Gramsh ka marr\u00eb nj\u00eb telefonat\u00eb se 4 shtetas dyshohet se jan\u00eb mbytur n\u00eb Liqenin e Hidrocentralit t\u00eb Banj\u00ebs.<\/p>\n<p>Menj\u00ebher\u00eb kan\u00eb shkuar sh\u00ebrbimet e policis\u00eb, grupi hetimor dhe zjarr\u00ebfik\u00ebsit, ku ka rezultuar se:<\/p>\n<p>N\u00eb Liqenin e Hidrocentralit t\u00eb Banj\u00ebs n\u00eb fshatin Driz\u00eb t\u00eb Gramshit, dyshohet se shtetasit A.Z, rreth 46 vje\u00e7, R.Z, 19 vje\u00e7, E.Z, 14 vje\u00e7 , (babai me dy djemt\u00eb) dhe kush\u00ebriri i tyre shtetasi M.Z, 20 vje\u00e7, sipas deklarimeve t\u00eb familjar\u00ebve jan\u00eb futur n\u00eb liqen p\u00ebr tu lar\u00eb dhe nuk kan\u00eb dal\u00eb m\u00eb.<\/p>\n<p>Gjithashtu menj\u00ebher\u00eb n\u00eb drejtim t\u00eb liqenit jan\u00eb nisur polumbar\u00ebt e Reneas p\u00ebr t\u00eb b\u00ebr\u00eb t\u00eb mundur gjetjen dhe nxjerrjen e kat\u00ebr shtetasve nga liqeni.<\/p>\n<p>Grupi hetimor ka gjetur n\u00eb buz\u00eb t\u00eb liqenit dy moto\u00e7ikleta, tre celular\u00eb dhe teshat e trupit.<\/p>\n<p>N\u00eb drejtimin e Prokuroris\u00eb, grupi \u00a0hetimor vijon pun\u00ebn n\u00eb vendngjarje p\u00ebr sqarimin dhe dokumentimin e plot\u00eb t\u00eb rrethanave t\u00eb ngjarjes.<\/p>\n","protected":false},"excerpt":{"rendered":"<p>Nj\u00eb tragjedi e r\u00ebnd\u00eb ka ndodhur mbr\u00ebmje e sotme n\u00eb Liqenin e Banj\u00ebs n\u00eb Gramsh. Burime zyrtare nga policia lokale kan\u00eb b\u00ebr\u00eb ditur se, 4 persona, babai me dy djemt\u00eb dhe nj\u00eb kush\u00ebriri i tyre jan\u00eb futur n\u00eb liqen dhe nuk kan\u00eb dal\u00eb m\u00eb. Gramsh\/ Informacion paraprak Rreth or\u00ebs 19:00, Salla Operative e Komisariatit t\u00eb [&hellip;]<\/p>\n","protected":false},"author":2,"featured_media":54660,"comment_status":"open","ping_status":"open","sticky":false,"template":"","format":"standard","meta":{"footnotes":""},"categories":[117],"tags":[27],"class_list":{"0":"post-54659","1":"post","2":"type-post","3":"status-publish","4":"format-standard","5":"has-post-thumbnail","7":"category-aktualitet","8":"tag-lajme"},"_links":{"self":[{"href":"https:\/\/neutrale.al\/index.php\/wp-json\/wp\/v2\/posts\/54659","targetHints":{"allow":["GET"]}}],"collection":[{"href":"https:\/\/neutrale.al\/index.php\/wp-json\/wp\/v2\/posts"}],"about":[{"href":"https:\/\/neutrale.al\/index.php\/wp-json\/wp\/v2\/types\/post"}],"author":[{"embeddable":true,"href":"https:\/\/neutrale.al\/index.php\/wp-json\/wp\/v2\/users\/2"}],"replies":[{"embeddable":true,"href":"https:\/\/neutrale.al\/index.php\/wp-json\/wp\/v2\/comments?post=54659"}],"version-history":[{"count":1,"href":"https:\/\/neutrale.al\/index.php\/wp-json\/wp\/v2\/posts\/54659\/revisions"}],"predecessor-version":[{"id":54661,"href":"https:\/\/neutrale.al\/index.php\/wp-json\/wp\/v2\/posts\/54659\/revisions\/54661"}],"wp:featuredmedia":[{"embeddable":true,"href":"https:\/\/neutrale.al\/index.php\/wp-json\/wp\/v2\/media\/54660"}],"wp:attachment":[{"href":"https:\/\/neutrale.al\/index.php\/wp-json\/wp\/v2\/media?parent=54659"}],"wp:term":[{"taxonomy":"category","embeddable":true,"href":"https:\/\/neutrale.al\/index.php\/wp-json\/wp\/v2\/categories?post=54659"},{"taxonomy":"post_tag","embeddable":true,"href":"https:\/\/neutrale.al\/index.php\/wp-json\/wp\/v2\/tags?post=54659"}],"curies":[{"name":"wp","href":"https:\/\/api.w.org\/{rel}","templated":true}]}}