{"id":5127,"date":"2022-06-08T19:02:17","date_gmt":"2022-06-08T19:02:17","guid":{"rendered":"https:\/\/neutrale.al\/?p=5127"},"modified":"2022-06-08T19:02:17","modified_gmt":"2022-06-08T19:02:17","slug":"majlinda-bregu-brenda-vitit-2027-do-te-ulen-tarifat-roaming-me-be","status":"publish","type":"post","link":"https:\/\/neutrale.al\/index.php\/2022\/06\/08\/majlinda-bregu-brenda-vitit-2027-do-te-ulen-tarifat-roaming-me-be\/","title":{"rendered":"Majlinda Bregu: Brenda vitit 2027 do t\u00eb ulen tarifat roaming me BE."},"content":{"rendered":"<p>Sekretarja e P\u00ebrgjithshme e K\u00ebshillit t\u00eb Bashk\u00ebpunimit Rajonal, Majlinda Bregu ka pohuar se brenda vitit 2027, tarifat e roaming me Bashkimin Europian do t\u00eb reduktohen p\u00ebr vendet e Ballkanit Per\u00ebndimor. <\/p>\n<p>N\u00eb nj\u00eb postim n\u00eb rrjetin social Facebook,\u00a0 Bregu shkruan se sot nis\u00ebn diskutimet me BE, nd\u00ebrsa shton se kjo nism\u00eb do t\u00eb jet\u00eb nj\u00eb leht\u00ebsim jo vet\u00ebm p\u00ebr qytetar\u00ebt e Ballkanit, por edhe ata t\u00eb Europ\u00ebs. <\/p>\n<p>Sipas Bregut, marzhet mesatare t\u00eb fitimit nga shitja e sh\u00ebrbimeve roaming arrijn\u00eb deri n\u00eb 700%. <\/p>\n<p>\u201cQ\u00ebllimi i radh\u00ebs t\u00eb cilin po p\u00ebrpiqemi ta b\u00ebjm\u00eb realitet t\u00eb gjith\u00eb s\u00ebbashku, \u00ebsht\u00eb reduktimi i tarifave roaming me Bashkimin Europian brenda 2027. N\u00eb m\u00ebnyr\u00eb q\u00eb ti sjell\u00eb p\u00ebrfitime t\u00eb konsiderueshme jo vet\u00ebm qytetar\u00ebve t\u00eb Ballkanit<br \/>\nPer\u00ebndimor kur udh\u00ebtojn\u00eb n\u00eb Bashkimin Europian, por edhe qytetar\u00ebve europian\u00eb q\u00eb udh\u00ebtojn\u00eb, lidhin partneritete dhe b\u00ebjn\u00eb biznes n\u00eb Ballkanin Per\u00ebndimor. Marzhet mesatare t\u00eb fitimit nga shitja e sh\u00ebrbimeve roaming arrijn\u00eb deri n\u00eb 700%. Kam besim, dhe uroj gjithashtu, q\u00eb k\u00ebto do t\u00eb mbeten n\u00eb t\u00eb shkuar\u00ebn\u201d, shkruan Bregu.<\/p>\n","protected":false},"excerpt":{"rendered":"<p>Sekretarja e P\u00ebrgjithshme e K\u00ebshillit t\u00eb Bashk\u00ebpunimit Rajonal, Majlinda Bregu ka pohuar se brenda vitit 2027, tarifat e roaming me Bashkimin Europian do t\u00eb reduktohen p\u00ebr vendet e Ballkanit Per\u00ebndimor. N\u00eb nj\u00eb postim n\u00eb rrjetin social Facebook,\u00a0 Bregu shkruan se sot nis\u00ebn diskutimet me BE, nd\u00ebrsa shton se kjo nism\u00eb do t\u00eb jet\u00eb nj\u00eb leht\u00ebsim [&hellip;]<\/p>\n","protected":false},"author":2,"featured_media":5128,"comment_status":"open","ping_status":"open","sticky":false,"template":"","format":"standard","meta":{"footnotes":""},"categories":[118,9],"tags":[27],"class_list":{"0":"post-5127","1":"post","2":"type-post","3":"status-publish","4":"format-standard","5":"has-post-thumbnail","7":"category-kryesore","8":"category-politika","9":"tag-lajme"},"_links":{"self":[{"href":"https:\/\/neutrale.al\/index.php\/wp-json\/wp\/v2\/posts\/5127","targetHints":{"allow":["GET"]}}],"collection":[{"href":"https:\/\/neutrale.al\/index.php\/wp-json\/wp\/v2\/posts"}],"about":[{"href":"https:\/\/neutrale.al\/index.php\/wp-json\/wp\/v2\/types\/post"}],"author":[{"embeddable":true,"href":"https:\/\/neutrale.al\/index.php\/wp-json\/wp\/v2\/users\/2"}],"replies":[{"embeddable":true,"href":"https:\/\/neutrale.al\/index.php\/wp-json\/wp\/v2\/comments?post=5127"}],"version-history":[{"count":1,"href":"https:\/\/neutrale.al\/index.php\/wp-json\/wp\/v2\/posts\/5127\/revisions"}],"predecessor-version":[{"id":5129,"href":"https:\/\/neutrale.al\/index.php\/wp-json\/wp\/v2\/posts\/5127\/revisions\/5129"}],"wp:featuredmedia":[{"embeddable":true,"href":"https:\/\/neutrale.al\/index.php\/wp-json\/wp\/v2\/media\/5128"}],"wp:attachment":[{"href":"https:\/\/neutrale.al\/index.php\/wp-json\/wp\/v2\/media?parent=5127"}],"wp:term":[{"taxonomy":"category","embeddable":true,"href":"https:\/\/neutrale.al\/index.php\/wp-json\/wp\/v2\/categories?post=5127"},{"taxonomy":"post_tag","embeddable":true,"href":"https:\/\/neutrale.al\/index.php\/wp-json\/wp\/v2\/tags?post=5127"}],"curies":[{"name":"wp","href":"https:\/\/api.w.org\/{rel}","templated":true}]}}