{"id":5034,"date":"2022-06-08T08:20:23","date_gmt":"2022-06-08T08:20:23","guid":{"rendered":"https:\/\/neutrale.al\/?p=5034"},"modified":"2022-06-08T08:20:23","modified_gmt":"2022-06-08T08:20:23","slug":"gjermani-tjeter-shans-per-azilekerkuesit-e-refuzuar","status":"publish","type":"post","link":"https:\/\/neutrale.al\/index.php\/2022\/06\/08\/gjermani-tjeter-shans-per-azilekerkuesit-e-refuzuar\/","title":{"rendered":"Gjermani: Tjet\u00ebr shans p\u00ebr azil\u00ebk\u00ebrkuesit e refuzuar !"},"content":{"rendered":"<p>Ministria e Pun\u00ebve t\u00eb Brendshme Gjermane ka b\u00ebr\u00eb gati nj\u00eb projektligj, i cili do t\u00eb favorizoj\u00eb personat q\u00eb ju \u00ebsht\u00eb refuzuar azili, por tashm\u00eb jan\u00eb integruar n\u00eb jet\u00ebn dhe shoq\u00ebrin\u00eb gjermane. <\/p>\n<p>Sipas nj\u00eb projektligji t\u00eb Ministris\u00eb s\u00eb Pun\u00ebve t\u00eb Brendshme n\u00eb Berlin, azilk\u00ebrkuesit e refuzuar, por q\u00eb jan\u00eb integruar nd\u00ebrkoh\u00eb n\u00eb Gjermani mund t\u00eb q\u00ebndrojn\u00eb n\u00eb t\u00eb ardhmen n\u00eb Gjermani, raporton revista gjermane \u201cDer Spiegel\u201d. <\/p>\n<p>N\u00eb t\u00eb nj\u00ebjt\u00ebn koh\u00eb qeveria do t\u00eb d\u00ebboj\u00eb m\u00eb shpejt t\u00eb d\u00ebnuarit p\u00ebr vepra penale.<br \/>\nMinistrja e Pun\u00ebve t\u00eb Brendshme, Nancy Faeser (SPD) k\u00ebrkon ta paraqes\u00eb sa m\u00eb shpejt projektligjin e quajtur \u201cshans p\u00ebr t\u00eb drejt\u00eb q\u00ebndrimi\u201d, thuhet edhe n\u00eb nj\u00eb njoftim t\u00eb agjencis\u00eb KNA.<br \/>\nMe k\u00ebt\u00eb migrant\u00ebt q\u00eb jetojn\u00eb prej pes\u00eb vjet\u00ebsh apo m\u00eb gjat\u00eb n\u00eb Gjermani me lejen \u201cDuldung\u201d (pezullim i p\u00ebrkohsh\u00ebm i d\u00ebbimit t\u00eb personave pa t\u00eb drejt\u00eb q\u00ebndrimi) \u2013\u00a0 do t\u00eb ken\u00eb mund\u00ebsi q\u00eb t\u00eb jetojn\u00eb legalisht gjithmon\u00eb n\u00eb Gjermani.<br \/>\nN\u00ebse futet n\u00eb fuqi rregullorja e re, prej saj do t\u00eb p\u00ebrfitonin 105.000 vet\u00eb.<br \/>\nKonkretisht personat e prekur nga rregullorja e do t\u00eb merrnin p\u00ebr 1 vit prov\u00eb, nj\u00eb leje q\u00ebndrimi. <\/p>\n<p>N\u00ebse n\u00eb k\u00ebt\u00eb koh\u00eb ata tregojn\u00eb, se zot\u00ebrojn\u00eb gjuh\u00ebn gjermane, dhe mund ta sigurojn\u00eb jetes\u00ebn, mund t\u00eb marrin nj\u00eb leje q\u00ebndrimi afatgjat\u00eb n\u00eb Gjermani. <\/p>\n<p>Personat e d\u00ebnuar nuk p\u00ebrfitojn\u00eb, ashtu si ata q\u00eb kan\u00eb b\u00ebr\u00eb t\u00eb dh\u00ebna t\u00eb gabuara p\u00ebr identitetin e tyre p\u00ebr t\u00eb penguar d\u00ebbimin. Ky plan i ministres, Nancy Faeser ka qen\u00eb p\u00ebrcaktuar n\u00eb marr\u00ebveshjen e koalicionit mes SPD, T\u00eb Gjelb\u00ebrve dhe liberal\u00ebve. <\/p>\n<p>N\u00eb t\u00eb nj\u00ebjt\u00ebn koh\u00eb ministrja, Faeser angazhohet p\u00ebr d\u00ebbimin konsekuent t\u00eb azilk\u00ebrkuesve t\u00eb refuzuar q\u00eb nuk respektojn\u00eb ligjet gjermane. \u201cVe\u00e7an\u00ebrisht d\u00ebbimi i t\u00eb d\u00ebnuarve dhe personave rrezikues duhet t\u00eb zhvillohet m\u00eb me konsekuenc\u00eb\u201d, thuhet n\u00eb projektligj. P\u00ebr k\u00ebt\u00eb do t\u00eb ashp\u00ebrsohen rregulloret e d\u00ebbimit, po sipas marr\u00ebveshjes s\u00eb koalicionit. <\/p>\n<p>DW<\/p>\n","protected":false},"excerpt":{"rendered":"<p>Ministria e Pun\u00ebve t\u00eb Brendshme Gjermane ka b\u00ebr\u00eb gati nj\u00eb projektligj, i cili do t\u00eb favorizoj\u00eb personat q\u00eb ju \u00ebsht\u00eb refuzuar azili, por tashm\u00eb jan\u00eb integruar n\u00eb jet\u00ebn dhe shoq\u00ebrin\u00eb gjermane. Sipas nj\u00eb projektligji t\u00eb Ministris\u00eb s\u00eb Pun\u00ebve t\u00eb Brendshme n\u00eb Berlin, azilk\u00ebrkuesit e refuzuar, por q\u00eb jan\u00eb integruar nd\u00ebrkoh\u00eb n\u00eb Gjermani mund t\u00eb q\u00ebndrojn\u00eb [&hellip;]<\/p>\n","protected":false},"author":2,"featured_media":5035,"comment_status":"open","ping_status":"open","sticky":false,"template":"","format":"standard","meta":{"footnotes":""},"categories":[118],"tags":[27],"class_list":{"0":"post-5034","1":"post","2":"type-post","3":"status-publish","4":"format-standard","5":"has-post-thumbnail","7":"category-kryesore","8":"tag-lajme"},"_links":{"self":[{"href":"https:\/\/neutrale.al\/index.php\/wp-json\/wp\/v2\/posts\/5034","targetHints":{"allow":["GET"]}}],"collection":[{"href":"https:\/\/neutrale.al\/index.php\/wp-json\/wp\/v2\/posts"}],"about":[{"href":"https:\/\/neutrale.al\/index.php\/wp-json\/wp\/v2\/types\/post"}],"author":[{"embeddable":true,"href":"https:\/\/neutrale.al\/index.php\/wp-json\/wp\/v2\/users\/2"}],"replies":[{"embeddable":true,"href":"https:\/\/neutrale.al\/index.php\/wp-json\/wp\/v2\/comments?post=5034"}],"version-history":[{"count":1,"href":"https:\/\/neutrale.al\/index.php\/wp-json\/wp\/v2\/posts\/5034\/revisions"}],"predecessor-version":[{"id":5036,"href":"https:\/\/neutrale.al\/index.php\/wp-json\/wp\/v2\/posts\/5034\/revisions\/5036"}],"wp:featuredmedia":[{"embeddable":true,"href":"https:\/\/neutrale.al\/index.php\/wp-json\/wp\/v2\/media\/5035"}],"wp:attachment":[{"href":"https:\/\/neutrale.al\/index.php\/wp-json\/wp\/v2\/media?parent=5034"}],"wp:term":[{"taxonomy":"category","embeddable":true,"href":"https:\/\/neutrale.al\/index.php\/wp-json\/wp\/v2\/categories?post=5034"},{"taxonomy":"post_tag","embeddable":true,"href":"https:\/\/neutrale.al\/index.php\/wp-json\/wp\/v2\/tags?post=5034"}],"curies":[{"name":"wp","href":"https:\/\/api.w.org\/{rel}","templated":true}]}}