{"id":49197,"date":"2023-06-02T10:31:14","date_gmt":"2023-06-02T10:31:14","guid":{"rendered":"https:\/\/neutrale.al\/?p=49197"},"modified":"2023-06-02T10:31:14","modified_gmt":"2023-06-02T10:31:14","slug":"kosove-qindra-protestues-serbe-grumbullohen-ne-zvecan","status":"publish","type":"post","link":"https:\/\/neutrale.al\/index.php\/2023\/06\/02\/kosove-qindra-protestues-serbe-grumbullohen-ne-zvecan\/","title":{"rendered":"Kosov\u00eb\/ Qindra protestues serb\u00eb grumbullohen n\u00eb Zve\u00e7an"},"content":{"rendered":"<p>Qindra protestues serb\u00eb u mblodh\u00ebn n\u00eb or\u00ebt e hershme t\u00eb m\u00ebngjesit t\u00eb s\u00eb premtes n\u00eb Zve\u00e7an, p\u00ebr t\u00eb vazhduar protest\u00ebn kund\u00ebr kryetarit shqiptar t\u00eb komun\u00ebs.<\/p>\n<p>Zve\u00e7ani ishte sken\u00eb e p\u00ebrleshjeve t\u00eb dhunshme midis protestuesve dhe ushtar\u00ebve t\u00eb misionit paqeruajt\u00ebs t\u00eb NATO-s, KFOR, m\u00eb 29 maj.<\/p>\n<p>Protestat, dit\u00ebve t\u00eb fundit, ishin kryesisht t\u00eb qeta.<\/p>\n<p>(Foto: REL)<\/p>\n<p>\ud83d\udd17 evropaelire.org<\/p>\n","protected":false},"excerpt":{"rendered":"<p>Qindra protestues serb\u00eb u mblodh\u00ebn n\u00eb or\u00ebt e hershme t\u00eb m\u00ebngjesit t\u00eb s\u00eb premtes n\u00eb Zve\u00e7an, p\u00ebr t\u00eb vazhduar protest\u00ebn kund\u00ebr kryetarit shqiptar t\u00eb komun\u00ebs. Zve\u00e7ani ishte sken\u00eb e p\u00ebrleshjeve t\u00eb dhunshme midis protestuesve dhe ushtar\u00ebve t\u00eb misionit paqeruajt\u00ebs t\u00eb NATO-s, KFOR, m\u00eb 29 maj. Protestat, dit\u00ebve t\u00eb fundit, ishin kryesisht t\u00eb qeta. (Foto: REL) [&hellip;]<\/p>\n","protected":false},"author":1,"featured_media":49194,"comment_status":"open","ping_status":"open","sticky":false,"template":"","format":"standard","meta":{"footnotes":""},"categories":[118,6],"tags":[],"class_list":{"0":"post-49197","1":"post","2":"type-post","3":"status-publish","4":"format-standard","5":"has-post-thumbnail","7":"category-kryesore","8":"category-rajoni"},"_links":{"self":[{"href":"https:\/\/neutrale.al\/index.php\/wp-json\/wp\/v2\/posts\/49197","targetHints":{"allow":["GET"]}}],"collection":[{"href":"https:\/\/neutrale.al\/index.php\/wp-json\/wp\/v2\/posts"}],"about":[{"href":"https:\/\/neutrale.al\/index.php\/wp-json\/wp\/v2\/types\/post"}],"author":[{"embeddable":true,"href":"https:\/\/neutrale.al\/index.php\/wp-json\/wp\/v2\/users\/1"}],"replies":[{"embeddable":true,"href":"https:\/\/neutrale.al\/index.php\/wp-json\/wp\/v2\/comments?post=49197"}],"version-history":[{"count":0,"href":"https:\/\/neutrale.al\/index.php\/wp-json\/wp\/v2\/posts\/49197\/revisions"}],"wp:featuredmedia":[{"embeddable":true,"href":"https:\/\/neutrale.al\/index.php\/wp-json\/"}],"wp:attachment":[{"href":"https:\/\/neutrale.al\/index.php\/wp-json\/wp\/v2\/media?parent=49197"}],"wp:term":[{"taxonomy":"category","embeddable":true,"href":"https:\/\/neutrale.al\/index.php\/wp-json\/wp\/v2\/categories?post=49197"},{"taxonomy":"post_tag","embeddable":true,"href":"https:\/\/neutrale.al\/index.php\/wp-json\/wp\/v2\/tags?post=49197"}],"curies":[{"name":"wp","href":"https:\/\/api.w.org\/{rel}","templated":true}]}}