{"id":49156,"date":"2023-06-01T19:20:54","date_gmt":"2023-06-01T19:20:54","guid":{"rendered":"https:\/\/neutrale.al\/?p=49156"},"modified":"2023-06-01T19:20:54","modified_gmt":"2023-06-01T19:20:54","slug":"suedi-suksese-arba-kokalari-te-moderuarit-paraqesin-kandidate-per-zgjedhjet-e-parlamentit-evropian-2024","status":"publish","type":"post","link":"https:\/\/neutrale.al\/index.php\/2023\/06\/01\/suedi-suksese-arba-kokalari-te-moderuarit-paraqesin-kandidate-per-zgjedhjet-e-parlamentit-evropian-2024\/","title":{"rendered":"Suedi\/ Suksese Arba Kokalari&#8230;T\u00eb moderuarit paraqesin kandidat\u00eb p\u00ebr zgjedhjet e Parlamentit Evropian 2024."},"content":{"rendered":"<p>Arba Kokalari nominohet p\u00ebrs\u00ebri .<\/p>\n<p>Moderat\u00ebt po prezantojn\u00eb tani kandidat\u00ebt e tyre p\u00ebr zgjedhjet e Parlamentit Evropian n\u00eb 2024. <\/p>\n<p>N\u00eb radh\u00eb t\u00eb par\u00eb, komiteti i nominimit propozon nj\u00eb rizgjedhje t\u00eb an\u00ebtarit t\u00eb Parlamentit t\u00eb moderuar, Tomas Tob\u00e9.<\/p>\n<p>Me pak m\u00eb shum\u00eb se nj\u00eb vit t\u00eb mbetur deri n\u00eb zgjedhjet e Parlamentit Evropian, komiteti i em\u00ebrimit i t\u00eb moderuarve po paraqet tani propozimin e tij p\u00ebr nj\u00eb flet\u00eb votimi. <\/p>\n<p>Komiteti i nominimeve ka mbledhur prej disa muajsh nominime, ka zhvilluar intervista dhe tani ka paraqitur propozimin e tij p\u00ebr zgjedhjet e Parlamentit Evropian n\u00eb 2024, i p\u00ebrb\u00ebr\u00eb nga 34 kandidat\u00eb nga e gjith\u00eb Suedia.<\/p>\n<p>N\u00eb krye t\u00eb list\u00ebs sugjerohet -Tomas Tob\u00e9, i ndjekur nga -Jessica Polfj\u00e4rd, -J\u00f6rgen Warborn, -Arba Kokalari dhe -Boriana \u00c5berg.<\/p>\n<p>Lista do t\u00eb p\u00ebrcaktohet p\u00ebrfundimisht n\u00eb lidhje me nj\u00eb takim em\u00ebrimi t\u00eb mbajtur n\u00eb lidhje me takimin e partis\u00eb s\u00eb Moderat\u00ebve n\u00eb Ume\u00e5 n\u00eb tetor 2023.<\/p>\n<p>Zgjedhjet p\u00ebr Parlamentin Evropian mbahen t\u00eb diel\u00ebn m\u00eb 9 qershor 2024.<br \/>\nDiaspora Shqiptare Suedi<\/p>\n<p><img loading=\"lazy\" loading=\"lazy\" decoding=\"async\" src=\"https:\/\/neutrale.al\/wp-content\/uploads\/2023\/06\/d8c6dc25-11c9-4a46-a73a-90b1177e60e9-220x300.jpeg\" alt=\"\" width=\"220\" height=\"300\" class=\"alignnone size-medium wp-image-49157\" \/><\/p>\n","protected":false},"excerpt":{"rendered":"<p>Arba Kokalari nominohet p\u00ebrs\u00ebri . Moderat\u00ebt po prezantojn\u00eb tani kandidat\u00ebt e tyre p\u00ebr zgjedhjet e Parlamentit Evropian n\u00eb 2024. N\u00eb radh\u00eb t\u00eb par\u00eb, komiteti i nominimit propozon nj\u00eb rizgjedhje t\u00eb an\u00ebtarit t\u00eb Parlamentit t\u00eb moderuar, Tomas Tob\u00e9. Me pak m\u00eb shum\u00eb se nj\u00eb vit t\u00eb mbetur deri n\u00eb zgjedhjet e Parlamentit Evropian, komiteti i em\u00ebrimit [&hellip;]<\/p>\n","protected":false},"author":1,"featured_media":49158,"comment_status":"open","ping_status":"open","sticky":false,"template":"","format":"standard","meta":{"footnotes":""},"categories":[12,118],"tags":[],"class_list":{"0":"post-49156","1":"post","2":"type-post","3":"status-publish","4":"format-standard","5":"has-post-thumbnail","7":"category-bota","8":"category-kryesore"},"_links":{"self":[{"href":"https:\/\/neutrale.al\/index.php\/wp-json\/wp\/v2\/posts\/49156","targetHints":{"allow":["GET"]}}],"collection":[{"href":"https:\/\/neutrale.al\/index.php\/wp-json\/wp\/v2\/posts"}],"about":[{"href":"https:\/\/neutrale.al\/index.php\/wp-json\/wp\/v2\/types\/post"}],"author":[{"embeddable":true,"href":"https:\/\/neutrale.al\/index.php\/wp-json\/wp\/v2\/users\/1"}],"replies":[{"embeddable":true,"href":"https:\/\/neutrale.al\/index.php\/wp-json\/wp\/v2\/comments?post=49156"}],"version-history":[{"count":0,"href":"https:\/\/neutrale.al\/index.php\/wp-json\/wp\/v2\/posts\/49156\/revisions"}],"wp:featuredmedia":[{"embeddable":true,"href":"https:\/\/neutrale.al\/index.php\/wp-json\/"}],"wp:attachment":[{"href":"https:\/\/neutrale.al\/index.php\/wp-json\/wp\/v2\/media?parent=49156"}],"wp:term":[{"taxonomy":"category","embeddable":true,"href":"https:\/\/neutrale.al\/index.php\/wp-json\/wp\/v2\/categories?post=49156"},{"taxonomy":"post_tag","embeddable":true,"href":"https:\/\/neutrale.al\/index.php\/wp-json\/wp\/v2\/tags?post=49156"}],"curies":[{"name":"wp","href":"https:\/\/api.w.org\/{rel}","templated":true}]}}