{"id":49141,"date":"2023-06-01T18:05:22","date_gmt":"2023-06-01T18:05:22","guid":{"rendered":"https:\/\/neutrale.al\/?p=49141"},"modified":"2023-06-01T18:05:22","modified_gmt":"2023-06-01T18:05:22","slug":"ministrja-ibrahimaj-pagat-e-muajit-maj-do-te-kalojne-sic-ishin-arsye-eshte-dokumentacioni","status":"publish","type":"post","link":"https:\/\/neutrale.al\/index.php\/2023\/06\/01\/ministrja-ibrahimaj-pagat-e-muajit-maj-do-te-kalojne-sic-ishin-arsye-eshte-dokumentacioni\/","title":{"rendered":"Ministrja Ibrahimaj: Pagat e muajit Maj do t\u00eb kalojn\u00eb si\u00e7 ishin, arsye \u00ebsht\u00eb dokumentacioni"},"content":{"rendered":"<p>Pagat e muajit Maj 2023 do t\u00eb kalojn\u00eb si\u00e7 jan\u00eb pa ndryshimin q\u00eb p\u00ebrcakton ligji i ri, edhe pse parlamenti disa dit\u00eb m\u00eb par\u00eb miratoi projektligjin p\u00ebr rritjen e pagave.<br \/>\nNjoftimin zyrtar e b\u00ebri ministrja e Financave \u00a0Delina Ibrahimaj n\u00eb nj\u00eb konferenc\u00eb p\u00ebr mediat dit\u00ebn e sotme.<\/p>\n<p>Ibrahimaj deklaroi se pagat e muajit maj nuk do t\u00eb ndryshojn\u00eb p\u00ebr t\u00eb mos shkaktuar vonesa p\u00ebr shkak t\u00eb p\u00ebrgatitjes s\u00eb dokumentacionit.<\/p>\n<p>\u201cDuke qen\u00eb se jan\u00eb mbi 200 institucione t\u00eb administrat\u00ebs q\u00ebndrore t\u00eb cilat preken nga k\u00ebto vendime por jan\u00eb dhe mbi 130 mij\u00eb t\u00eb pun\u00ebsuar duke bashkuar k\u00ebtu dhe t\u00eb pun\u00ebsuarit n\u00eb sh\u00ebndet\u00ebsi, n\u00eb arsim, n\u00eb fush\u00ebn e siguris\u00eb pagat e t\u00eb cil\u00ebve u miratuan q\u00eb n\u00eb muajin Prill. Zbardhja e vendimeve dhe aplikimi i vendimeve merr nj\u00eb koh\u00eb m\u00eb t\u00eb gjat\u00eb. Kjo \u00ebsht\u00eb dhe arsyeja pse p\u00ebr t\u00eb qen\u00eb m\u00eb koherent\u00eb dhe p\u00ebr t\u00eb shkaktuar sa m\u00eb pak vonesa n\u00eb marrjen e pagave ne u kemi k\u00ebrkuar t\u00eb gjitha institucioneve buxhetore t\u00eb p\u00ebrgatisin dokumentacionin e nevojsh\u00ebm me q\u00ebllim q\u00eb pagat e muajit Maj n\u00eb faz\u00ebn e par\u00eb t\u00eb kalojn\u00eb si\u00e7 ishin para se t\u00eb hynte n\u00eb fuqi reforma. Duke marr\u00eb n\u00eb konsiderat\u00eb k\u00ebtu q\u00eb disa prej institucioneve n\u00eb fakt titullar\u00ebt e institucioneve q\u00eb preken nga ligji i cili kaloi n\u00eb Parlament mund t\u00eb aplikoheshin pagat, ne vendos\u00ebm q\u00eb pagat n\u00eb t\u00ebr\u00ebsi t\u00eb kalojn\u00eb si\u00e7 kan\u00eb qen\u00eb n\u00eb muajin Maj dhe nd\u00ebrkoh\u00eb me zbardhjen e vendimeve do instruktojm\u00eb p\u00ebr dokumentacionin e nevojsh\u00ebm me q\u00ebllim q\u00eb shtesat mbi pag\u00eb t\u00eb aplikohen qoft\u00eb p\u00ebr muajin Prill qoft\u00eb p\u00ebr muajin Maj\u201d-tha kreu i financave<\/p>\n","protected":false},"excerpt":{"rendered":"<p>Pagat e muajit Maj 2023 do t\u00eb kalojn\u00eb si\u00e7 jan\u00eb pa ndryshimin q\u00eb p\u00ebrcakton ligji i ri, edhe pse parlamenti disa dit\u00eb m\u00eb par\u00eb miratoi projektligjin p\u00ebr rritjen e pagave. Njoftimin zyrtar e b\u00ebri ministrja e Financave \u00a0Delina Ibrahimaj n\u00eb nj\u00eb konferenc\u00eb p\u00ebr mediat dit\u00ebn e sotme. Ibrahimaj deklaroi se pagat e muajit maj nuk [&hellip;]<\/p>\n","protected":false},"author":1,"featured_media":49142,"comment_status":"open","ping_status":"open","sticky":false,"template":"","format":"standard","meta":{"footnotes":""},"categories":[10,118],"tags":[],"class_list":{"0":"post-49141","1":"post","2":"type-post","3":"status-publish","4":"format-standard","5":"has-post-thumbnail","7":"category-ekonomia","8":"category-kryesore"},"_links":{"self":[{"href":"https:\/\/neutrale.al\/index.php\/wp-json\/wp\/v2\/posts\/49141","targetHints":{"allow":["GET"]}}],"collection":[{"href":"https:\/\/neutrale.al\/index.php\/wp-json\/wp\/v2\/posts"}],"about":[{"href":"https:\/\/neutrale.al\/index.php\/wp-json\/wp\/v2\/types\/post"}],"author":[{"embeddable":true,"href":"https:\/\/neutrale.al\/index.php\/wp-json\/wp\/v2\/users\/1"}],"replies":[{"embeddable":true,"href":"https:\/\/neutrale.al\/index.php\/wp-json\/wp\/v2\/comments?post=49141"}],"version-history":[{"count":0,"href":"https:\/\/neutrale.al\/index.php\/wp-json\/wp\/v2\/posts\/49141\/revisions"}],"wp:featuredmedia":[{"embeddable":true,"href":"https:\/\/neutrale.al\/index.php\/wp-json\/"}],"wp:attachment":[{"href":"https:\/\/neutrale.al\/index.php\/wp-json\/wp\/v2\/media?parent=49141"}],"wp:term":[{"taxonomy":"category","embeddable":true,"href":"https:\/\/neutrale.al\/index.php\/wp-json\/wp\/v2\/categories?post=49141"},{"taxonomy":"post_tag","embeddable":true,"href":"https:\/\/neutrale.al\/index.php\/wp-json\/wp\/v2\/tags?post=49141"}],"curies":[{"name":"wp","href":"https:\/\/api.w.org\/{rel}","templated":true}]}}