{"id":49134,"date":"2023-06-01T17:33:58","date_gmt":"2023-06-01T17:33:58","guid":{"rendered":"https:\/\/neutrale.al\/?p=49134"},"modified":"2023-06-01T17:33:58","modified_gmt":"2023-06-01T17:33:58","slug":"blinken-perserit-thirrjen-per-prishtinen-dhe-beogradin-ulni-tensionet-kthehuni-te-dialogu","status":"publish","type":"post","link":"https:\/\/neutrale.al\/index.php\/2023\/06\/01\/blinken-perserit-thirrjen-per-prishtinen-dhe-beogradin-ulni-tensionet-kthehuni-te-dialogu\/","title":{"rendered":"Blinken p\u00ebrs\u00ebrit thirrjen p\u00ebr Prishtin\u00ebn dhe Beogradin: Ulni tensionet, kthehuni te dialogu"},"content":{"rendered":"<p>Sekretari amerikan i Shtetit, Antony Blinken i b\u00ebri s\u00ebrisht thirrje Prishtin\u00ebs dhe Beogradit t\u00eb ulin tensionet, duke shtuar se Uashingtoni pret q\u00eb pal\u00ebt t\u00eb ndalin veprimet e nj\u00ebanshme, e t\u00eb rikthehen tek dialogu i drejtuar nga Bashkimi Evropian.  <\/p>\n<p>N\u00eb Prishtin\u00eb, Kryeministri Kurti tha se largimi i policis\u00eb nga nd\u00ebrtesat komunale do t\u00eb do t\u00eb ndodh\u00eb vet\u00ebm kur t\u00eb largohen ata q\u00eb ai i quajti, banda kriminale mes protestueve. Nd\u00ebrkoh\u00eb n\u00eb nj\u00eb takim t\u00eb nivelit t\u00eb lart\u00eb n\u00eb Kishinjev t\u00eb Moldavis\u00eb, Presidentja e Kosov\u00ebs Vjosa Osmani, dhe Presidenti Serb Aleksandar Vu\u00e7iq, akuzuan nj\u00ebri-tjetrin p\u00ebr rritjen e tensioneve n\u00eb veri t\u00eb Kosov\u00ebs. <\/p>\n<p>Presidenti i Ukrain\u00ebs Volodymyr Zelenskiy k\u00ebrkoi sot nga NATO q\u00eb vendit t\u00eb tij t\u2019i b\u00ebhet nj\u00eb ftes\u00eb e qart\u00eb p\u00ebr an\u00ebtar\u00ebsim, n\u00eb takimin e nivelit t\u00eb lart\u00eb t\u00eb aleanc\u00ebs, q\u00eb mbahet n\u00eb Vilnius n\u00eb korrik. Por Sekretari i P\u00ebrgjithsh\u00ebm, Jens Stoltenberg thot\u00eb se kjo \u00e7\u00ebshtje nuk \u00ebsht\u00eb n\u00eb rendin e dit\u00ebs, nd\u00ebrsa lufta vazhdon<\/p>\n<p>VOA<\/p>\n","protected":false},"excerpt":{"rendered":"<p>Sekretari amerikan i Shtetit, Antony Blinken i b\u00ebri s\u00ebrisht thirrje Prishtin\u00ebs dhe Beogradit t\u00eb ulin tensionet, duke shtuar se Uashingtoni pret q\u00eb pal\u00ebt t\u00eb ndalin veprimet e nj\u00ebanshme, e t\u00eb rikthehen tek dialogu i drejtuar nga Bashkimi Evropian. N\u00eb Prishtin\u00eb, Kryeministri Kurti tha se largimi i policis\u00eb nga nd\u00ebrtesat komunale do t\u00eb do t\u00eb ndodh\u00eb [&hellip;]<\/p>\n","protected":false},"author":1,"featured_media":49135,"comment_status":"open","ping_status":"open","sticky":false,"template":"","format":"standard","meta":{"footnotes":""},"categories":[118,6],"tags":[],"class_list":{"0":"post-49134","1":"post","2":"type-post","3":"status-publish","4":"format-standard","5":"has-post-thumbnail","7":"category-kryesore","8":"category-rajoni"},"_links":{"self":[{"href":"https:\/\/neutrale.al\/index.php\/wp-json\/wp\/v2\/posts\/49134","targetHints":{"allow":["GET"]}}],"collection":[{"href":"https:\/\/neutrale.al\/index.php\/wp-json\/wp\/v2\/posts"}],"about":[{"href":"https:\/\/neutrale.al\/index.php\/wp-json\/wp\/v2\/types\/post"}],"author":[{"embeddable":true,"href":"https:\/\/neutrale.al\/index.php\/wp-json\/wp\/v2\/users\/1"}],"replies":[{"embeddable":true,"href":"https:\/\/neutrale.al\/index.php\/wp-json\/wp\/v2\/comments?post=49134"}],"version-history":[{"count":0,"href":"https:\/\/neutrale.al\/index.php\/wp-json\/wp\/v2\/posts\/49134\/revisions"}],"wp:featuredmedia":[{"embeddable":true,"href":"https:\/\/neutrale.al\/index.php\/wp-json\/"}],"wp:attachment":[{"href":"https:\/\/neutrale.al\/index.php\/wp-json\/wp\/v2\/media?parent=49134"}],"wp:term":[{"taxonomy":"category","embeddable":true,"href":"https:\/\/neutrale.al\/index.php\/wp-json\/wp\/v2\/categories?post=49134"},{"taxonomy":"post_tag","embeddable":true,"href":"https:\/\/neutrale.al\/index.php\/wp-json\/wp\/v2\/tags?post=49134"}],"curies":[{"name":"wp","href":"https:\/\/api.w.org\/{rel}","templated":true}]}}