{"id":49112,"date":"2023-06-01T14:46:08","date_gmt":"2023-06-01T14:46:08","guid":{"rendered":"https:\/\/neutrale.al\/?p=49112"},"modified":"2023-06-01T14:46:08","modified_gmt":"2023-06-01T14:46:08","slug":"rama-takohet-me-vucic-ne-moldavi","status":"publish","type":"post","link":"https:\/\/neutrale.al\/index.php\/2023\/06\/01\/rama-takohet-me-vucic-ne-moldavi\/","title":{"rendered":"Rama takohet me Vu\u00e7i\u00e7 n\u00eb Moldavi"},"content":{"rendered":"<p>Kryeministri i Shqip\u00ebris\u00eb, Edi Rama, \u00ebsht\u00eb takuar me presidentin e Serbis\u00eb, Aleksand\u00ebr Vu\u00e7iq, gjat\u00eb punimeve t\u00eb Samitit t\u00eb Lider\u00ebve Evropian\u00eb n\u00eb Moldavi.<\/p>\n<p>N\u00eb takim ka munguar presidentja Vjosa Osmani, nd\u00ebrkoh\u00eb q\u00eb n\u00eb veri t\u00eb Kosov\u00ebs prej disa dit\u00ebsh situata mbetet e tensionuar.<\/p>\n<p>Edi Rama pati reaguar dy dit\u00eb m\u00eb par\u00eb kur Vu\u00e7iqi e vuri ushtrin\u00eb n\u00eb gatishm\u00ebrin\u00eb m\u00eb t\u00eb lart\u00eb, duke th\u00ebn\u00eb se ushtria serbe ka \u201czero fuqi\u201d af\u00ebr kufirit me Kosov\u00ebn.<\/p>\n<p>E pyetur sot nga gazetar\u00ebt n\u00ebse do t\u00eb takohet me Vu\u00e7iqin, presidentja Osmani tha se nuk ka plane p\u00ebr ta takuar.<br \/>\nNd\u00ebrkoh\u00eb, Vu\u00e7iqi para gazetar\u00ebve tha se \u00ebsht\u00eb mir\u00ebnjoh\u00ebs ndaj SHBA-s\u00eb, p\u00ebr v\u00ebnien e sanksioneve ndaj Kosov\u00ebs<\/p>\n","protected":false},"excerpt":{"rendered":"<p>Kryeministri i Shqip\u00ebris\u00eb, Edi Rama, \u00ebsht\u00eb takuar me presidentin e Serbis\u00eb, Aleksand\u00ebr Vu\u00e7iq, gjat\u00eb punimeve t\u00eb Samitit t\u00eb Lider\u00ebve Evropian\u00eb n\u00eb Moldavi. N\u00eb takim ka munguar presidentja Vjosa Osmani, nd\u00ebrkoh\u00eb q\u00eb n\u00eb veri t\u00eb Kosov\u00ebs prej disa dit\u00ebsh situata mbetet e tensionuar. Edi Rama pati reaguar dy dit\u00eb m\u00eb par\u00eb kur Vu\u00e7iqi e vuri ushtrin\u00eb [&hellip;]<\/p>\n","protected":false},"author":1,"featured_media":49113,"comment_status":"open","ping_status":"open","sticky":false,"template":"","format":"standard","meta":{"footnotes":""},"categories":[118],"tags":[],"class_list":{"0":"post-49112","1":"post","2":"type-post","3":"status-publish","4":"format-standard","5":"has-post-thumbnail","7":"category-kryesore"},"_links":{"self":[{"href":"https:\/\/neutrale.al\/index.php\/wp-json\/wp\/v2\/posts\/49112","targetHints":{"allow":["GET"]}}],"collection":[{"href":"https:\/\/neutrale.al\/index.php\/wp-json\/wp\/v2\/posts"}],"about":[{"href":"https:\/\/neutrale.al\/index.php\/wp-json\/wp\/v2\/types\/post"}],"author":[{"embeddable":true,"href":"https:\/\/neutrale.al\/index.php\/wp-json\/wp\/v2\/users\/1"}],"replies":[{"embeddable":true,"href":"https:\/\/neutrale.al\/index.php\/wp-json\/wp\/v2\/comments?post=49112"}],"version-history":[{"count":0,"href":"https:\/\/neutrale.al\/index.php\/wp-json\/wp\/v2\/posts\/49112\/revisions"}],"wp:featuredmedia":[{"embeddable":true,"href":"https:\/\/neutrale.al\/index.php\/wp-json\/"}],"wp:attachment":[{"href":"https:\/\/neutrale.al\/index.php\/wp-json\/wp\/v2\/media?parent=49112"}],"wp:term":[{"taxonomy":"category","embeddable":true,"href":"https:\/\/neutrale.al\/index.php\/wp-json\/wp\/v2\/categories?post=49112"},{"taxonomy":"post_tag","embeddable":true,"href":"https:\/\/neutrale.al\/index.php\/wp-json\/wp\/v2\/tags?post=49112"}],"curies":[{"name":"wp","href":"https:\/\/api.w.org\/{rel}","templated":true}]}}