{"id":49108,"date":"2023-06-01T13:11:17","date_gmt":"2023-06-01T13:11:17","guid":{"rendered":"https:\/\/neutrale.al\/?p=49108"},"modified":"2023-06-01T13:11:17","modified_gmt":"2023-06-01T13:11:17","slug":"25-vjet-me-pare-forcat-serbe-vrane-dhjete-civile-shqiptare-ne-paklek-nje-vit-me-vone-edhe-7-femije-ne-studime-kurti-deshmi-e-genocidit-serb","status":"publish","type":"post","link":"https:\/\/neutrale.al\/index.php\/2023\/06\/01\/25-vjet-me-pare-forcat-serbe-vrane-dhjete-civile-shqiptare-ne-paklek-nje-vit-me-vone-edhe-7-femije-ne-studime-kurti-deshmi-e-genocidit-serb\/","title":{"rendered":"25 vjet m\u00eb par\u00eb, forcat serbe vran\u00eb dhjet\u00eb civil\u00eb shqiptar\u00eb n\u00eb Paklek, nj\u00eb vit m\u00eb von\u00eb edhe 7 f\u00ebmij\u00eb n\u00eb Studime \/ Kurti: D\u00ebshmi e genocidit serb !"},"content":{"rendered":"<p>Kryeministri i Kosov\u00ebs, Albin Kurti ka p\u00ebrkujtuar disa masakra t\u00eb ushtris\u00eb serbe mbi familjet shqiptare t\u00eb Kosov\u00ebs.<\/p>\n<p>Me nj\u00eb status n\u00eb rrjetet sociale, Kurti teksa shpreh dhimbjen dhe respektin p\u00ebr viktimat, thekson se: &#8220;K\u00ebto masakra, vrasje e zhdukje me forc\u00eb, sikurse edhe t\u00eb gjitha masakrat tjera n\u00eb Kosov\u00eb, jan\u00eb d\u00ebshmi e pamohueshme e krimeve t\u00eb luft\u00ebs, krimeve kund\u00ebr njer\u00ebzimit dhe gjenocidit t\u00eb shtetit t\u00eb Serbis\u00eb ndaj shqiptar\u00ebve gjat\u00eb luft\u00ebs 1998-1999 n\u00eb Kosov\u00eb&#8221;<\/p>\n<p>Postimi i plot\u00eb:<\/p>\n<p>\u00c7do 31 maj p\u00ebrkujtojm\u00eb martir\u00ebt e Paklekut t\u00eb ri t\u00eb Drenasit dhe Studimes s\u00eb Vushtrris\u00eb.<\/p>\n<p>25 vjet m\u00eb par\u00eb, forcat e armatosura t\u00eb Serbis\u00eb, vran\u00eb dhe zhduk\u00ebn me forc\u00eb dhjet\u00eb civil\u00eb shqiptar\u00eb n\u00eb Paklek t\u00eb ri. P\u00ebr fatin dhe vendodhjen e n\u00ebnt\u00eb prej tyre nuk dihet ende. <\/p>\n<p>Nj\u00eb vit me von\u00eb, m\u00eb 31 maj 1999, n\u00eb Studime, forcat serbe masakruan 13 an\u00ebtar\u00eb t\u00eb familjes G\u00ebrxhaliu. N\u00eb mesin e tyre, shtat\u00eb ishin f\u00ebmij\u00eb.<\/p>\n<p>K\u00ebto masakra, vrasje e zhdukje me forc\u00eb, sikurse edhe t\u00eb gjitha masakrat tjera n\u00eb Kosov\u00eb, jan\u00eb d\u00ebshmi e pamohueshme e krimeve t\u00eb luft\u00ebs, krimeve kund\u00ebr njer\u00ebzimit dhe gjenocidit t\u00eb shtetit t\u00eb Serbis\u00eb ndaj shqiptar\u00ebve gjat\u00eb luft\u00ebs 1998-1999 n\u00eb Kosov\u00eb.<\/p>\n<p>Trupi i Kosov\u00ebs i gjithi \u00ebsht\u00eb i mbushur me plag\u00eb, t\u00eb cilat p\u00ebr t\u00b4u sh\u00ebruar kan\u00eb nevoj\u00eb p\u00ebr drejt\u00ebsi. Drejt\u00ebsia \u00ebsht\u00eb i vetmi ila\u00e7. \u00cbsht\u00eb themeli i q\u00ebndruesh\u00ebm p\u00ebr paqe.<\/p>\n<p>U prehshin n\u00eb paqe martir\u00ebt dhe d\u00ebshmor\u00ebt e Paklekut t\u00eb Ri dhe Studimes!<\/p>\n<p>Lavdi!<\/p>\n","protected":false},"excerpt":{"rendered":"<p>Kryeministri i Kosov\u00ebs, Albin Kurti ka p\u00ebrkujtuar disa masakra t\u00eb ushtris\u00eb serbe mbi familjet shqiptare t\u00eb Kosov\u00ebs. Me nj\u00eb status n\u00eb rrjetet sociale, Kurti teksa shpreh dhimbjen dhe respektin p\u00ebr viktimat, thekson se: &#8220;K\u00ebto masakra, vrasje e zhdukje me forc\u00eb, sikurse edhe t\u00eb gjitha masakrat tjera n\u00eb Kosov\u00eb, jan\u00eb d\u00ebshmi e pamohueshme e krimeve t\u00eb [&hellip;]<\/p>\n","protected":false},"author":1,"featured_media":49109,"comment_status":"open","ping_status":"open","sticky":false,"template":"","format":"standard","meta":{"footnotes":""},"categories":[118],"tags":[],"class_list":{"0":"post-49108","1":"post","2":"type-post","3":"status-publish","4":"format-standard","5":"has-post-thumbnail","7":"category-kryesore"},"_links":{"self":[{"href":"https:\/\/neutrale.al\/index.php\/wp-json\/wp\/v2\/posts\/49108","targetHints":{"allow":["GET"]}}],"collection":[{"href":"https:\/\/neutrale.al\/index.php\/wp-json\/wp\/v2\/posts"}],"about":[{"href":"https:\/\/neutrale.al\/index.php\/wp-json\/wp\/v2\/types\/post"}],"author":[{"embeddable":true,"href":"https:\/\/neutrale.al\/index.php\/wp-json\/wp\/v2\/users\/1"}],"replies":[{"embeddable":true,"href":"https:\/\/neutrale.al\/index.php\/wp-json\/wp\/v2\/comments?post=49108"}],"version-history":[{"count":0,"href":"https:\/\/neutrale.al\/index.php\/wp-json\/wp\/v2\/posts\/49108\/revisions"}],"wp:featuredmedia":[{"embeddable":true,"href":"https:\/\/neutrale.al\/index.php\/wp-json\/"}],"wp:attachment":[{"href":"https:\/\/neutrale.al\/index.php\/wp-json\/wp\/v2\/media?parent=49108"}],"wp:term":[{"taxonomy":"category","embeddable":true,"href":"https:\/\/neutrale.al\/index.php\/wp-json\/wp\/v2\/categories?post=49108"},{"taxonomy":"post_tag","embeddable":true,"href":"https:\/\/neutrale.al\/index.php\/wp-json\/wp\/v2\/tags?post=49108"}],"curies":[{"name":"wp","href":"https:\/\/api.w.org\/{rel}","templated":true}]}}