{"id":49105,"date":"2023-06-01T13:03:06","date_gmt":"2023-06-01T13:03:06","guid":{"rendered":"https:\/\/neutrale.al\/?p=49105"},"modified":"2023-06-01T13:03:06","modified_gmt":"2023-06-01T13:03:06","slug":"presidentja-e-kosoves-osmani-takon-zelensky-asgje-nuk-mund-ta-pengoje-vullnetin-e-nje-populli-per-te-qene-i-lire","status":"publish","type":"post","link":"https:\/\/neutrale.al\/index.php\/2023\/06\/01\/presidentja-e-kosoves-osmani-takon-zelensky-asgje-nuk-mund-ta-pengoje-vullnetin-e-nje-populli-per-te-qene-i-lire\/","title":{"rendered":"Presidentja e Kosov\u00ebs, Osmani takon Zelensky: Asgj\u00eb nuk mund ta pengoj\u00eb vullnetin e nj\u00eb populli p\u00ebr t\u00eb qen\u00eb i lir\u00eb"},"content":{"rendered":"<p>Presidentja e Kosov\u00ebs, Vjosa Osmani teksa ndodhet n\u00eb samitin e dyt\u00eb t\u00eb lider\u00ebve t\u00eb Komunitetit Politik Evropian n\u00eb Kishinau, ka takuar edhe Presidentin e Ukrain\u00ebs Volodymyr Zelensky.<\/p>\n<p>&#8220;N\u00eb em\u00ebr t\u00eb popullit t\u00eb Republik\u00ebs s\u00eb Kosov\u00ebs, i shpreha solidaritetin ton\u00eb t\u00eb plot\u00eb Presidentit t\u00eb Ukrain\u00ebs Volodymyr Zelenskyy&#8221;- shkruan Osmani n\u00eb rrjetet sociale si m\u00eb posht\u00eb:<\/p>\n<p>Asgj\u00eb nuk mund ta pengoj\u00eb vullnetin e nj\u00eb populli p\u00ebr t\u00eb qen\u00eb i lir\u00eb. \ud83c\uddfd\ud83c\uddf0\ud83c\uddfa\ud83c\udde6<\/p>\n<p>N\u00eb em\u00ebr t\u00eb popullit t\u00eb Republik\u00ebs s\u00eb Kosov\u00ebs, i shpreha solidaritetin ton\u00eb t\u00eb plot\u00eb Presidentit t\u00eb Ukrain\u00ebs Volodymyr Zelenskyy. <\/p>\n<p>Askush nuk e kupton dhimbjen, luft\u00ebn dhe q\u00ebndres\u00ebn e tyre m\u00eb mir\u00eb se Kosova.<\/p>\n","protected":false},"excerpt":{"rendered":"<p>Presidentja e Kosov\u00ebs, Vjosa Osmani teksa ndodhet n\u00eb samitin e dyt\u00eb t\u00eb lider\u00ebve t\u00eb Komunitetit Politik Evropian n\u00eb Kishinau, ka takuar edhe Presidentin e Ukrain\u00ebs Volodymyr Zelensky. &#8220;N\u00eb em\u00ebr t\u00eb popullit t\u00eb Republik\u00ebs s\u00eb Kosov\u00ebs, i shpreha solidaritetin ton\u00eb t\u00eb plot\u00eb Presidentit t\u00eb Ukrain\u00ebs Volodymyr Zelenskyy&#8221;- shkruan Osmani n\u00eb rrjetet sociale si m\u00eb posht\u00eb: Asgj\u00eb [&hellip;]<\/p>\n","protected":false},"author":1,"featured_media":49106,"comment_status":"open","ping_status":"open","sticky":false,"template":"","format":"standard","meta":{"footnotes":""},"categories":[118],"tags":[],"class_list":{"0":"post-49105","1":"post","2":"type-post","3":"status-publish","4":"format-standard","5":"has-post-thumbnail","7":"category-kryesore"},"_links":{"self":[{"href":"https:\/\/neutrale.al\/index.php\/wp-json\/wp\/v2\/posts\/49105","targetHints":{"allow":["GET"]}}],"collection":[{"href":"https:\/\/neutrale.al\/index.php\/wp-json\/wp\/v2\/posts"}],"about":[{"href":"https:\/\/neutrale.al\/index.php\/wp-json\/wp\/v2\/types\/post"}],"author":[{"embeddable":true,"href":"https:\/\/neutrale.al\/index.php\/wp-json\/wp\/v2\/users\/1"}],"replies":[{"embeddable":true,"href":"https:\/\/neutrale.al\/index.php\/wp-json\/wp\/v2\/comments?post=49105"}],"version-history":[{"count":0,"href":"https:\/\/neutrale.al\/index.php\/wp-json\/wp\/v2\/posts\/49105\/revisions"}],"wp:featuredmedia":[{"embeddable":true,"href":"https:\/\/neutrale.al\/index.php\/wp-json\/"}],"wp:attachment":[{"href":"https:\/\/neutrale.al\/index.php\/wp-json\/wp\/v2\/media?parent=49105"}],"wp:term":[{"taxonomy":"category","embeddable":true,"href":"https:\/\/neutrale.al\/index.php\/wp-json\/wp\/v2\/categories?post=49105"},{"taxonomy":"post_tag","embeddable":true,"href":"https:\/\/neutrale.al\/index.php\/wp-json\/wp\/v2\/tags?post=49105"}],"curies":[{"name":"wp","href":"https:\/\/api.w.org\/{rel}","templated":true}]}}