{"id":49102,"date":"2023-06-01T12:27:14","date_gmt":"2023-06-01T12:27:14","guid":{"rendered":"https:\/\/neutrale.al\/?p=49102"},"modified":"2023-06-01T12:27:14","modified_gmt":"2023-06-01T12:27:14","slug":"dita-nderkombetare-e-femijeve-1-qershor-1925-1-qershor-2023","status":"publish","type":"post","link":"https:\/\/neutrale.al\/index.php\/2023\/06\/01\/dita-nderkombetare-e-femijeve-1-qershor-1925-1-qershor-2023\/","title":{"rendered":"DITA ND\u00cbRKOMB\u00cbTARE E F\u00cbMIJ\u00cbVE! 1 Qershor 1925 \u2013 1 Qershor 2023."},"content":{"rendered":"<p>P\u00ebrgatiti Arben Deda<\/p>\n<p>Sot, p\u00ebrvjetori 98\u2013t\u00eb i festimeve! \ud83c\udf0f<br \/>\nFesta e f\u00ebmij\u00ebve<br \/>\nDita Nd\u00ebrkomb\u00ebtare e F\u00ebmij\u00ebve \u00ebsht\u00eb kthyer jo vet\u00ebm n\u00eb nj\u00eb dit\u00eb festive, por edhe n\u00eb nj\u00eb dite p\u00ebr ti th\u00ebn\u00eb jo dhun\u00ebs dhe abuzimit ndaj f\u00ebmij\u00ebve. \u00cbsht\u00eb dita kur vet\u00eb f\u00ebmij\u00ebt shprehen lirsh\u00ebm p\u00ebr t\u00eb th\u00ebne t\u00eb drejtat e tyre.<br \/>\nDita e f\u00ebmij\u00ebve u vendos n\u00eb dat\u00ebn 1 qershor, sepse n\u00eb k\u00ebt\u00eb dat\u00eb \u00ebsht\u00eb mbajtur Konferenca Bot\u00ebrore e Mir\u00ebqenies s\u00eb F\u00ebmij\u00ebve n\u00eb Gjenev\u00eb, n\u00eb 1925. Dy vjet m\u00eb pas Festa e 1 qershorit filloi t\u00eb festohet n\u00eb t\u00eb gjith\u00eb bot\u00ebn.<br \/>\nVendet t\u00eb cilat e festojn\u00eb Dit\u00ebn Bot\u00ebrore t\u00eb F\u00ebmij\u00ebve m\u00eb dat\u00ebn 20 n\u00ebntor e b\u00ebjn\u00eb k\u00ebt\u00eb n\u00eb p\u00ebrkujtim t\u00eb Deklarat\u00ebs p\u00ebr t\u00eb Drejtat e F\u00ebmij\u00ebve miratuar nga ana e Asambles\u00eb s\u00eb P\u00ebrgjithshme t\u00eb Kombeve t\u00eb Bashkuara m\u00eb 20 n\u00ebntor t\u00eb vitit 1959.  N\u00eb Shqip\u00ebri dhe mbar\u00eb bot\u00ebn, kjo dit\u00eb u kushtohet f\u00ebmij\u00ebve, me organizime dhe aktivitete t\u00eb larmishme. Shum\u00eb vende t\u00eb bot\u00ebs e kan\u00eb pranuar at\u00eb si fest\u00ebn nd\u00ebrkomb\u00ebtare t\u00eb f\u00ebmij\u00ebve dhe realizojn\u00eb festime t\u00eb cilat kan\u00eb si q\u00ebllim t\u00eb rrisin v\u00ebmendjen n\u00eb drejtim t\u00eb mirqenies s\u00eb tyre. Kjo dit\u00eb lumturon f\u00ebmij\u00ebt dhe prinderit e tyre kur shohin se f\u00ebmij\u00ebt me buz\u00ebqeshjen e tyre t\u00eb \u00ebmb\u00ebl. Pra, t\u00eb gjith\u00eb f\u00ebmij\u00ebt kan\u00eb t\u00eb drejta t\u00eb barabarta.<\/p>\n","protected":false},"excerpt":{"rendered":"<p>P\u00ebrgatiti Arben Deda Sot, p\u00ebrvjetori 98\u2013t\u00eb i festimeve! \ud83c\udf0f Festa e f\u00ebmij\u00ebve Dita Nd\u00ebrkomb\u00ebtare e F\u00ebmij\u00ebve \u00ebsht\u00eb kthyer jo vet\u00ebm n\u00eb nj\u00eb dit\u00eb festive, por edhe n\u00eb nj\u00eb dite p\u00ebr ti th\u00ebn\u00eb jo dhun\u00ebs dhe abuzimit ndaj f\u00ebmij\u00ebve. \u00cbsht\u00eb dita kur vet\u00eb f\u00ebmij\u00ebt shprehen lirsh\u00ebm p\u00ebr t\u00eb th\u00ebne t\u00eb drejtat e tyre. Dita e f\u00ebmij\u00ebve [&hellip;]<\/p>\n","protected":false},"author":1,"featured_media":49103,"comment_status":"open","ping_status":"open","sticky":false,"template":"","format":"standard","meta":{"footnotes":""},"categories":[1],"tags":[],"class_list":{"0":"post-49102","1":"post","2":"type-post","3":"status-publish","4":"format-standard","5":"has-post-thumbnail","7":"category-te-tjera"},"_links":{"self":[{"href":"https:\/\/neutrale.al\/index.php\/wp-json\/wp\/v2\/posts\/49102","targetHints":{"allow":["GET"]}}],"collection":[{"href":"https:\/\/neutrale.al\/index.php\/wp-json\/wp\/v2\/posts"}],"about":[{"href":"https:\/\/neutrale.al\/index.php\/wp-json\/wp\/v2\/types\/post"}],"author":[{"embeddable":true,"href":"https:\/\/neutrale.al\/index.php\/wp-json\/wp\/v2\/users\/1"}],"replies":[{"embeddable":true,"href":"https:\/\/neutrale.al\/index.php\/wp-json\/wp\/v2\/comments?post=49102"}],"version-history":[{"count":0,"href":"https:\/\/neutrale.al\/index.php\/wp-json\/wp\/v2\/posts\/49102\/revisions"}],"wp:featuredmedia":[{"embeddable":true,"href":"https:\/\/neutrale.al\/index.php\/wp-json\/"}],"wp:attachment":[{"href":"https:\/\/neutrale.al\/index.php\/wp-json\/wp\/v2\/media?parent=49102"}],"wp:term":[{"taxonomy":"category","embeddable":true,"href":"https:\/\/neutrale.al\/index.php\/wp-json\/wp\/v2\/categories?post=49102"},{"taxonomy":"post_tag","embeddable":true,"href":"https:\/\/neutrale.al\/index.php\/wp-json\/wp\/v2\/tags?post=49102"}],"curies":[{"name":"wp","href":"https:\/\/api.w.org\/{rel}","templated":true}]}}