{"id":49075,"date":"2023-06-01T10:02:36","date_gmt":"2023-06-01T10:02:36","guid":{"rendered":"https:\/\/neutrale.al\/?p=49075"},"modified":"2023-06-01T10:02:36","modified_gmt":"2023-06-01T10:02:36","slug":"shkoder-i-denuar-me-14-vite-burg-ne-itali-arrestohet-47-vjecari","status":"publish","type":"post","link":"https:\/\/neutrale.al\/index.php\/2023\/06\/01\/shkoder-i-denuar-me-14-vite-burg-ne-itali-arrestohet-47-vjecari\/","title":{"rendered":"Shkod\u00ebr\/ I d\u00ebnuar me 14 vite burg n\u00eb Itali, arrestohet 47-vje\u00e7ari"},"content":{"rendered":"<p>Detajet-Njoftimi i Policis\u00eb s\u00eb Shtetit:<\/p>\n<p>DVP Shkod\u00ebr<\/p>\n<p>Lokalizohet, kapet dhe arrestohet me q\u00ebllim ekstradimin, nj\u00eb 47-vje\u00e7ar i d\u00ebnuar nga autoritetet gjyq\u00ebsore italiane, me mbi 14 vjet burgim, p\u00ebr prodhim dhe shitje narkotik\u00ebsh.<\/p>\n<p>Specialist\u00ebt p\u00ebr Hetimin e Trafiqeve t\u00eb Paligjshme dhe Narkotik\u00ebve t\u00eb DVP Shkod\u00ebr, n\u00eb bashk\u00ebpunim me sh\u00ebrbimet e Interpol Tiran\u00ebs, bazuar n\u00eb informacionet e siguruara nga inteligjenca policore, p\u00ebr vendndodhjen e nj\u00eb shtetasi t\u00eb k\u00ebrkuar nd\u00ebrkomb\u00ebtarisht, kan\u00eb lokalizuar n\u00eb lagjen \u201cDobra\u00e7\u201d, kan\u00eb kapur dhe arrestuar provizorisht, me q\u00ebllim ekstradimin drejt Italis\u00eb, shtetasin:<\/p>\n<p>&#8211; Armand Dani (Isaj), 47 vje\u00e7, banues n\u00eb lagjen \u201cGuerrile\u201d, Shkod\u00ebr.<\/p>\n<p>47-vje\u00e7ari \u00ebsht\u00eb shpallur n\u00eb k\u00ebrkim nd\u00ebrkomb\u00ebtar pasi Gjykata e Novaras, Itali e ka d\u00ebnuar me 14 vjet, 8 muaj e 29 dit\u00eb burgim, p\u00ebr vepr\u00ebn penale &#8221;Prodhimi dhe shitja e narkotik\u00ebve&#8221;, parashikuar nga Kodi Penal i Italis\u00eb. Shtetasi Armand Dani duhet t\u00eb vuaj\u00eb nga d\u00ebnimi total, edhe 11 vjet, 8 muaj e 29 dit\u00eb burgim.<\/p>\n<p>Interpol Tirana vijon veprimet procedurale, n\u00eb bashk\u00ebpunim me Interpol Rom\u00ebn, p\u00ebr ekstradimin e k\u00ebtij shtetasi, drejt Italis\u00eb.<\/p>\n<p>&#8212;<\/p>\n<p>Specialist\u00ebt p\u00ebr Hetimin e Krimeve t\u00eb Komisariatit t\u00eb Policis\u00eb Shkod\u00ebr referuan materialet n\u00eb Prokurori, ku nisi procedimi n\u00eb gjendje t\u00eb lir\u00eb p\u00ebr shtetasin D. T., 31 vje\u00e7, si dhe shpall\u00ebn n\u00eb k\u00ebrkim shtetasit Z. M., 27 vje\u00e7 dhe S. M., 27 vje\u00e7, t\u00eb tre banues n\u00eb Shkod\u00ebr, pasi dyshohet se n\u00eb bashk\u00ebpunim me nj\u00ebri-tjetrin, kan\u00eb kanosur shtetasin S. H., 64 vje\u00e7, banues n\u00eb Shkod\u00ebr, e kan\u00eb goditur at\u00eb me mjete t\u00eb forta dhe i kan\u00eb d\u00ebmtuar automjetin me t\u00eb cilin l\u00ebvizte, p\u00ebr shkak t\u00eb shfryt\u00ebzimit t\u00eb hap\u00ebsirave n\u00eb plazh, p\u00ebr vendosjen e shezlong\u00ebve. Vijon puna p\u00ebr kapjen e shtetasve Z. M dhe S. M. <\/p>\n<p>Materialet procedurale i kaluan Prokuroris\u00eb pran\u00eb Gjykat\u00ebs s\u00eb Shkall\u00ebs s\u00eb Par\u00eb t\u00eb Juridiksionit t\u00eb P\u00ebrgjithsh\u00ebm Shkod\u00ebr, p\u00ebr veprime t\u00eb m\u00ebtejshme.<\/p>\n","protected":false},"excerpt":{"rendered":"<p>Detajet-Njoftimi i Policis\u00eb s\u00eb Shtetit: DVP Shkod\u00ebr Lokalizohet, kapet dhe arrestohet me q\u00ebllim ekstradimin, nj\u00eb 47-vje\u00e7ar i d\u00ebnuar nga autoritetet gjyq\u00ebsore italiane, me mbi 14 vjet burgim, p\u00ebr prodhim dhe shitje narkotik\u00ebsh. Specialist\u00ebt p\u00ebr Hetimin e Trafiqeve t\u00eb Paligjshme dhe Narkotik\u00ebve t\u00eb DVP Shkod\u00ebr, n\u00eb bashk\u00ebpunim me sh\u00ebrbimet e Interpol Tiran\u00ebs, bazuar n\u00eb informacionet e [&hellip;]<\/p>\n","protected":false},"author":1,"featured_media":49076,"comment_status":"open","ping_status":"open","sticky":false,"template":"","format":"standard","meta":{"footnotes":""},"categories":[117],"tags":[27],"class_list":{"0":"post-49075","1":"post","2":"type-post","3":"status-publish","4":"format-standard","5":"has-post-thumbnail","7":"category-aktualitet","8":"tag-lajme"},"_links":{"self":[{"href":"https:\/\/neutrale.al\/index.php\/wp-json\/wp\/v2\/posts\/49075","targetHints":{"allow":["GET"]}}],"collection":[{"href":"https:\/\/neutrale.al\/index.php\/wp-json\/wp\/v2\/posts"}],"about":[{"href":"https:\/\/neutrale.al\/index.php\/wp-json\/wp\/v2\/types\/post"}],"author":[{"embeddable":true,"href":"https:\/\/neutrale.al\/index.php\/wp-json\/wp\/v2\/users\/1"}],"replies":[{"embeddable":true,"href":"https:\/\/neutrale.al\/index.php\/wp-json\/wp\/v2\/comments?post=49075"}],"version-history":[{"count":0,"href":"https:\/\/neutrale.al\/index.php\/wp-json\/wp\/v2\/posts\/49075\/revisions"}],"wp:featuredmedia":[{"embeddable":true,"href":"https:\/\/neutrale.al\/index.php\/wp-json\/"}],"wp:attachment":[{"href":"https:\/\/neutrale.al\/index.php\/wp-json\/wp\/v2\/media?parent=49075"}],"wp:term":[{"taxonomy":"category","embeddable":true,"href":"https:\/\/neutrale.al\/index.php\/wp-json\/wp\/v2\/categories?post=49075"},{"taxonomy":"post_tag","embeddable":true,"href":"https:\/\/neutrale.al\/index.php\/wp-json\/wp\/v2\/tags?post=49075"}],"curies":[{"name":"wp","href":"https:\/\/api.w.org\/{rel}","templated":true}]}}