{"id":49064,"date":"2023-06-01T09:21:13","date_gmt":"2023-06-01T09:21:13","guid":{"rendered":"https:\/\/neutrale.al\/?p=49064"},"modified":"2023-06-01T09:21:13","modified_gmt":"2023-06-01T09:21:13","slug":"si-u-be-famshme-vajza-me-problematike-e-shkolles","status":"publish","type":"post","link":"https:\/\/neutrale.al\/index.php\/2023\/06\/01\/si-u-be-famshme-vajza-me-problematike-e-shkolles\/","title":{"rendered":"Si u b\u00eb famshme vajza m\u00eb problematike e shkoll\u00ebs ?"},"content":{"rendered":"<p>Sabrina \u00ebsht\u00eb nj\u00eb vajz\u00eb shtat\u00eb vje\u00e7are q\u00eb nuk mund p\u00ebrq\u00ebndrohet n\u00eb shkoll\u00eb.<br \/>\nAjo ngrihet vazhdimisht, hutohet, fluturon me mendime dhe nuk ndjek m\u00ebsimet. M\u00ebsuesit e saj shqet\u00ebsohen p\u00ebr t\u00eb, e nd\u00ebshkojn\u00eb, e qortojn\u00eb, shp\u00ebrblejn\u00eb ato pak her\u00eb q\u00eb ajo \u00ebsht\u00eb e v\u00ebmendshme, por asgj\u00eb.<br \/>\nSabrina nuk di t\u00eb ulet dhe nuk mund t\u00eb jet\u00eb e v\u00ebmendshme. Kur vjen n\u00eb sht\u00ebpi, e d\u00ebnon edhe n\u00ebna e saj. Pra, jo vet\u00ebm q\u00eb ajo, Sabrina, ka nota dhe nd\u00ebshkime t\u00eb k\u00ebqija n\u00eb shkoll\u00eb, por i vuan ato edhe n\u00eb sht\u00ebpi.<br \/>\nNj\u00eb dit\u00eb, mamaja e Sabrin\u00ebs thirret n\u00eb shkoll\u00eb. Zonja, e trishtuar si dikush q\u00eb pret nj\u00eb lajm t\u00eb keq, shkon n\u00eb dhom\u00ebn k\u00ebshillit pedagogjik.<br \/>\nM\u00ebsuesit flasin p\u00ebr s\u00ebmundje, p\u00ebr nj\u00eb \u00e7rregullim t\u00eb duksh\u00ebm. Ndoshta \u00ebsht\u00eb hiperaktivitet ose ndoshta ajo ka nevoj\u00eb p\u00ebr nj\u00eb mjekim. Gjat\u00eb intervist\u00ebs vjen nj\u00eb m\u00ebsuese e vjet\u00ebr q\u00eb e njeh vajz\u00ebn e vog\u00ebl. Ajo u k\u00ebrkon t\u00eb gjith\u00eb t\u00eb rriturve, n\u00ebn\u00ebs dhe koleg\u00ebve, ta ndjekin n\u00eb nj\u00eb dhom\u00eb ngjitur nga ku ajo mund t\u00eb shihet ende.<br \/>\nTeksa largohet, i thot\u00eb Sabrin\u00ebs se do t\u00eb kthehen s\u00eb shpejti dhe ndez nj\u00eb radio t\u00eb vjet\u00ebr me muzik\u00eb.<br \/>\nNd\u00ebrsa vajza \u00ebsht\u00eb vet\u00ebm n\u00eb dhom\u00eb, ajo menj\u00ebher\u00eb ngrihet dhe fillon t\u00eb l\u00ebviz\u00eb lart e posht\u00eb duke ndjekur muzik\u00ebn n\u00eb aj\u00ebr me k\u00ebmb\u00ebt dhe zemr\u00ebn e saj.<br \/>\nM\u00ebsuesja buz\u00ebqesh nd\u00ebrsa koleg\u00ebt dhe n\u00ebna e shikojn\u00eb mes konfuzionit dhe dhembshuris\u00eb, si\u00e7 b\u00ebhet shpesh me t\u00eb vjetr\u00ebn.<br \/>\nK\u00ebshtu aj thot\u00eb: &#8220;E shihni?<br \/>\nSabrina nuk \u00ebsht\u00eb e s\u00ebmur\u00eb, Vajza \u00ebsht\u00eb nj\u00eb k\u00ebrcimtare!&#8221;<br \/>\nAjo rekomandon q\u00eb n\u00ebna e saj ta \u00e7oj\u00eb n\u00eb nj\u00eb klas\u00eb k\u00ebrcimi dhe q\u00eb koleg\u00ebt ta b\u00ebjn\u00eb t\u00eb k\u00ebrcej\u00eb her\u00eb pas here. Ajo ndjek m\u00ebsimin e saj t\u00eb par\u00eb dhe kur kthehet n\u00eb sht\u00ebpi i thot\u00eb n\u00ebn\u00ebs s\u00eb saj: &#8220;T\u00eb gjith\u00eb jan\u00eb si un\u00eb, askush nuk mund t\u00eb ulet atje!&#8221;<br \/>\nN\u00eb vitin 1981, pas nj\u00eb karriere si k\u00ebrcimtare, duke hapur akademin\u00eb e saj t\u00eb k\u00ebrcimit dhe duke marr\u00eb njohje nd\u00ebrkomb\u00ebtare p\u00ebr artin e saj.<\/p>\n<p>A e dini kush \u00ebsht\u00eb Sabrina si personazh i k\u00ebtij tregimi ?<\/p>\n<p> Ajo \u00ebsht\u00eb Gillian Lynne, e cila u b\u00eb koreografja e muzikalit &#8220;Macet&#8221;.<br \/>\nShpresojm\u00eb q\u00eb t\u00eb gjith\u00eb f\u00ebmij\u00ebt &#8220;t\u00eb ndrysh\u00ebm&#8221; t\u00eb gjejn\u00eb t\u00eb rritur t\u00eb aft\u00eb p\u00ebr t&#8217;i mir\u00ebpritur p\u00ebr at\u00eb q\u00eb jan\u00eb dhe jo p\u00ebr at\u00eb q\u00eb u mungon. Rrofshin dallimet, delet e zeza t\u00eb vogla dhe t\u00eb keqkuptuarit. Jan\u00eb ata q\u00eb krijojn\u00eb bukurin\u00eb n\u00eb k\u00ebt\u00eb bot\u00eb.<\/p>\n","protected":false},"excerpt":{"rendered":"<p>Sabrina \u00ebsht\u00eb nj\u00eb vajz\u00eb shtat\u00eb vje\u00e7are q\u00eb nuk mund p\u00ebrq\u00ebndrohet n\u00eb shkoll\u00eb. Ajo ngrihet vazhdimisht, hutohet, fluturon me mendime dhe nuk ndjek m\u00ebsimet. M\u00ebsuesit e saj shqet\u00ebsohen p\u00ebr t\u00eb, e nd\u00ebshkojn\u00eb, e qortojn\u00eb, shp\u00ebrblejn\u00eb ato pak her\u00eb q\u00eb ajo \u00ebsht\u00eb e v\u00ebmendshme, por asgj\u00eb. Sabrina nuk di t\u00eb ulet dhe nuk mund t\u00eb jet\u00eb e [&hellip;]<\/p>\n","protected":false},"author":1,"featured_media":49065,"comment_status":"open","ping_status":"open","sticky":false,"template":"","format":"standard","meta":{"footnotes":""},"categories":[1],"tags":[],"class_list":{"0":"post-49064","1":"post","2":"type-post","3":"status-publish","4":"format-standard","5":"has-post-thumbnail","7":"category-te-tjera"},"_links":{"self":[{"href":"https:\/\/neutrale.al\/index.php\/wp-json\/wp\/v2\/posts\/49064","targetHints":{"allow":["GET"]}}],"collection":[{"href":"https:\/\/neutrale.al\/index.php\/wp-json\/wp\/v2\/posts"}],"about":[{"href":"https:\/\/neutrale.al\/index.php\/wp-json\/wp\/v2\/types\/post"}],"author":[{"embeddable":true,"href":"https:\/\/neutrale.al\/index.php\/wp-json\/wp\/v2\/users\/1"}],"replies":[{"embeddable":true,"href":"https:\/\/neutrale.al\/index.php\/wp-json\/wp\/v2\/comments?post=49064"}],"version-history":[{"count":0,"href":"https:\/\/neutrale.al\/index.php\/wp-json\/wp\/v2\/posts\/49064\/revisions"}],"wp:featuredmedia":[{"embeddable":true,"href":"https:\/\/neutrale.al\/index.php\/wp-json\/"}],"wp:attachment":[{"href":"https:\/\/neutrale.al\/index.php\/wp-json\/wp\/v2\/media?parent=49064"}],"wp:term":[{"taxonomy":"category","embeddable":true,"href":"https:\/\/neutrale.al\/index.php\/wp-json\/wp\/v2\/categories?post=49064"},{"taxonomy":"post_tag","embeddable":true,"href":"https:\/\/neutrale.al\/index.php\/wp-json\/wp\/v2\/tags?post=49064"}],"curies":[{"name":"wp","href":"https:\/\/api.w.org\/{rel}","templated":true}]}}