{"id":49061,"date":"2023-06-01T09:19:48","date_gmt":"2023-06-01T09:19:48","guid":{"rendered":"https:\/\/neutrale.al\/?p=49061"},"modified":"2023-06-01T09:19:48","modified_gmt":"2023-06-01T09:19:48","slug":"djali-i-fredi-belerit-takohet-me-kryepeshkopin-e-greqise","status":"publish","type":"post","link":"https:\/\/neutrale.al\/index.php\/2023\/06\/01\/djali-i-fredi-belerit-takohet-me-kryepeshkopin-e-greqise\/","title":{"rendered":"Djali i Fredi Belerit takohet me Kryepeshkopin e Greqis\u00eb"},"content":{"rendered":"<p>Sipas lajmeve zyrtare t\u00eb Kish\u00ebs s\u00eb Greqis\u00eb dje, \u201cKryepeshkopi i Athin\u00ebs dhe gjith\u00eb Greqis\u00eb, z. Jeronimos, u takua sot me z. Petros Beleris, djalin e kryetarit t\u00eb zgjedhur t\u00eb Bashkis\u00eb s\u00eb Himar\u00ebs, Dionisios Fredi Beleris, i cili q\u00eb prej dat\u00ebs 12 maj 2023 mbahet n\u00eb burgjet e Tiran\u00ebs dhe q\u00eb nga e enjtja, 25 maj, \u00ebsht\u00eb shtruar n\u00eb spitalin e Tiran\u00ebs.<br \/>\nFortlumturia e Tij u njoftua nga z. Petros Beleris p\u00ebr gjendjen sh\u00ebndet\u00ebsore t\u00eb babait t\u00eb tij dhe shprehu mb\u00ebshtetjen e tij njer\u00ebzore. Vuri n\u00eb dukje gjithashtu se kjo \u00ebsht\u00eb nj\u00eb \u00e7\u00ebshtje jasht\u00ebzakonisht delikate dhe ka t\u00eb b\u00ebj\u00eb me t\u00eb drejtat e pakicave etnike n\u00eb Shqip\u00ebri, prandaj dhe ai do t\u00eb komunikoj\u00eb n\u00eb udh\u00eb kompetence me Ministrin e Pun\u00ebve t\u00eb Jashtme (t\u00eb Greqis\u00eb) dhe me Kryepeshkopin e Tiran\u00ebs dhe gjith\u00eb Shqip\u00ebris\u00eb, z. Anastasios\u201d (30 maj 2023). <\/p>\n<p>N\u00eb k\u00ebt\u00eb njoftim t\u00eb thuk\u00ebt dhe diplomatik, ku p\u00ebrmendet Shqip\u00ebria dhe jo Vorio Epiri, p\u00ebrcillet \u00e7\u00ebshtja n\u00eb organet kompetente t\u00eb shtetit grek: Ministria e Jashtme dhe ambasadori de facto i Greqis\u00eb n\u00eb Shqip\u00ebri, z. Janullatos.<\/p>\n<p>Krahasoni deklarat\u00ebn zyrtare t\u00eb Kryepeshkopit t\u00eb Greqis\u00eb mbi Belerin, me deklaratat e Sali Berish\u00ebs, Ilir Met\u00ebs, Tritan Shehut, etj., t\u00eb cil\u00ebt kund\u00ebrshtojn\u00eb arrestimin e Fredi Belerit dhe k\u00ebrkojn\u00eb lirimin e tij&#8230;  <\/p>\n<p>*  *  * <\/p>\n<p>Lajmi n\u00eb faqen zyrtare t\u00eb Kish\u00ebs s\u00eb Greqis\u00eb<\/p>\n<p>\u039f \u03c5\u03b9\u03cc\u03c2 \u03c4\u03bf\u03c5 \u0394\u03b9\u03bf\u03bd\u03c5\u03c3\u03af\u03bf\u03c5 \u03a6\u03c1\u03ad\u03bd\u03c4\u03b9 \u039c\u03c0\u03b5\u03bb\u03ad\u03c1\u03b7 \u03c3\u03c4\u03bf\u03bd \u0391\u03c1\u03c7\u03b9\u03b5\u03c0\u03af\u03c3\u03ba\u03bf\u03c0\u03bf (30 maj 2023):<br \/>\nhttps:\/\/www.ecclesia.gr\/epikairotita\/main_epikairotita_next.asp?id=3561<\/p>\n<p>____________<\/p>\n<p>FOTO: Faqja zyrtare e Kish\u00ebs s\u00eb Greqis\u00eb.<\/p>\n","protected":false},"excerpt":{"rendered":"<p>Sipas lajmeve zyrtare t\u00eb Kish\u00ebs s\u00eb Greqis\u00eb dje, \u201cKryepeshkopi i Athin\u00ebs dhe gjith\u00eb Greqis\u00eb, z. Jeronimos, u takua sot me z. Petros Beleris, djalin e kryetarit t\u00eb zgjedhur t\u00eb Bashkis\u00eb s\u00eb Himar\u00ebs, Dionisios Fredi Beleris, i cili q\u00eb prej dat\u00ebs 12 maj 2023 mbahet n\u00eb burgjet e Tiran\u00ebs dhe q\u00eb nga e enjtja, 25 maj, [&hellip;]<\/p>\n","protected":false},"author":1,"featured_media":49062,"comment_status":"open","ping_status":"open","sticky":false,"template":"","format":"standard","meta":{"footnotes":""},"categories":[118],"tags":[],"class_list":{"0":"post-49061","1":"post","2":"type-post","3":"status-publish","4":"format-standard","5":"has-post-thumbnail","7":"category-kryesore"},"_links":{"self":[{"href":"https:\/\/neutrale.al\/index.php\/wp-json\/wp\/v2\/posts\/49061","targetHints":{"allow":["GET"]}}],"collection":[{"href":"https:\/\/neutrale.al\/index.php\/wp-json\/wp\/v2\/posts"}],"about":[{"href":"https:\/\/neutrale.al\/index.php\/wp-json\/wp\/v2\/types\/post"}],"author":[{"embeddable":true,"href":"https:\/\/neutrale.al\/index.php\/wp-json\/wp\/v2\/users\/1"}],"replies":[{"embeddable":true,"href":"https:\/\/neutrale.al\/index.php\/wp-json\/wp\/v2\/comments?post=49061"}],"version-history":[{"count":0,"href":"https:\/\/neutrale.al\/index.php\/wp-json\/wp\/v2\/posts\/49061\/revisions"}],"wp:featuredmedia":[{"embeddable":true,"href":"https:\/\/neutrale.al\/index.php\/wp-json\/"}],"wp:attachment":[{"href":"https:\/\/neutrale.al\/index.php\/wp-json\/wp\/v2\/media?parent=49061"}],"wp:term":[{"taxonomy":"category","embeddable":true,"href":"https:\/\/neutrale.al\/index.php\/wp-json\/wp\/v2\/categories?post=49061"},{"taxonomy":"post_tag","embeddable":true,"href":"https:\/\/neutrale.al\/index.php\/wp-json\/wp\/v2\/tags?post=49061"}],"curies":[{"name":"wp","href":"https:\/\/api.w.org\/{rel}","templated":true}]}}