{"id":49055,"date":"2023-06-01T08:59:07","date_gmt":"2023-06-01T08:59:07","guid":{"rendered":"https:\/\/neutrale.al\/?p=49055"},"modified":"2023-06-01T08:59:07","modified_gmt":"2023-06-01T08:59:07","slug":"erdogan-perparimi-ne-dialog-menyra-e-vetme-per-paqe-afatgjate","status":"publish","type":"post","link":"https:\/\/neutrale.al\/index.php\/2023\/06\/01\/erdogan-perparimi-ne-dialog-menyra-e-vetme-per-paqe-afatgjate\/","title":{"rendered":"Erdogan: P\u00ebrparimi n\u00eb dialog, m\u00ebnyra e vetme p\u00ebr paqe afatgjat\u00eb"},"content":{"rendered":"<p>Presidenti i Turqis\u00eb, Recep Tayyip Erdogan, ka th\u00ebn\u00eb se p\u00ebrparimi n\u00eb dialog mes Kosov\u00ebs dhe Serbis\u00eb, \u00ebsht\u00eb m\u00ebnyra e vetme p\u00ebr paqe afatgjat\u00eb dhe stabilitet n\u00eb rajon.<\/p>\n<p>N\u00eb nj\u00eb postim n\u00eb Twitter, Presidenca turke ka th\u00ebn\u00eb se ka biseduar me kryeministrin e Kosov\u00ebs, Albin Kurti, dhe presidentin e Serbis\u00eb, Aleksandar Vu\u00e7iq, lidhur me zhvillimet n\u00eb veri t\u00eb Kosov\u00ebs.<\/p>\n<p>Sipas njoftimit, Erdogan ka theksuar se Turqia \u00ebsht\u00eb e gatshme t\u00eb kontribuoj\u00eb n\u00eb procesin e dialogut.<\/p>\n<p>Turqia i bashkohet k\u00ebshtu reagimeve nga vendet e Per\u00ebndimit q\u00eb b\u00ebn\u00eb thirrje p\u00ebr kthim n\u00eb dialogun e Brukselit dhe qet\u00ebsim t\u00eb situat\u00ebs n\u00eb tri komuna n\u00eb veri t\u00eb Kosov\u00ebs, n\u00eb Leposaviq, Zubin Potok dhe Zve\u00e7an.<\/p>\n<p>Kurti i ka faj\u00ebsuar p\u00ebr dhun\u00ebn n\u00eb veri ato q\u00eb i ka quajtur \u201cbanda fashiste\u201d t\u00eb udh\u00ebhequra nga Qeveria e Serbis\u00eb.<\/p>\n<p>Dhuna \u00ebsht\u00eb d\u00ebnuar nga NATO-ja dhe faktori nd\u00ebrkomb\u00ebtar, derisa Shtetet e Bashkuara i kan\u00eb k\u00ebrkuar Qeveris\u00eb s\u00eb Kosov\u00ebs q\u00eb t\u00eb marr\u00eb hapa n\u00eb uljen e tensioneve n\u00eb veri.<\/p>\n<p>N\u00eb k\u00ebto komuna, t\u00eb banuar me shumic\u00eb serbe, q\u00eb nga 26 maji jan\u00eb zhvilluar protesta nga serb\u00eb lokal\u00eb q\u00eb kund\u00ebrshtojn\u00eb hyrjen e kryetar\u00ebve t\u00eb rinj n\u00eb objektet komunale.<\/p>\n<p>Policia e Kosov\u00ebs ka asistuar kryetar\u00ebt e rinj dhe m\u00eb 31 maj b\u00ebri t\u00eb ditur se nj\u00eb polic ka mbetur i l\u00ebnduar nga sulmet e kryera ndaj tri veturave t\u00eb Policis\u00eb s\u00eb Kosov\u00ebs n\u00eb veri t\u00eb vendit.<\/p>\n<p>Zgjedhjet n\u00eb kat\u00ebr komunat n\u00eb veri, t\u00eb banuara me shumic\u00eb serbe u mbajt\u00ebn m\u00eb 23 prill pas dor\u00ebheqjes s\u00eb kryetar\u00ebve nga radh\u00ebt e List\u00ebs Serbe &#8211; partis\u00eb m\u00eb t\u00eb madhe t\u00eb serb\u00ebve t\u00eb Kosov\u00ebs &#8211; n\u00eb n\u00ebntor t\u00eb vitit t\u00eb kaluar.<\/p>\n<p>Zgjedhjet u bojkotuan nga popullata shumic\u00eb serbe n\u00eb at\u00eb zon\u00eb, q\u00eb tani nuk i pranon kryetar\u00ebt e rinj. REL<\/p>\n","protected":false},"excerpt":{"rendered":"<p>Presidenti i Turqis\u00eb, Recep Tayyip Erdogan, ka th\u00ebn\u00eb se p\u00ebrparimi n\u00eb dialog mes Kosov\u00ebs dhe Serbis\u00eb, \u00ebsht\u00eb m\u00ebnyra e vetme p\u00ebr paqe afatgjat\u00eb dhe stabilitet n\u00eb rajon. N\u00eb nj\u00eb postim n\u00eb Twitter, Presidenca turke ka th\u00ebn\u00eb se ka biseduar me kryeministrin e Kosov\u00ebs, Albin Kurti, dhe presidentin e Serbis\u00eb, Aleksandar Vu\u00e7iq, lidhur me zhvillimet n\u00eb [&hellip;]<\/p>\n","protected":false},"author":1,"featured_media":49056,"comment_status":"open","ping_status":"open","sticky":false,"template":"","format":"standard","meta":{"footnotes":""},"categories":[118,6],"tags":[],"class_list":{"0":"post-49055","1":"post","2":"type-post","3":"status-publish","4":"format-standard","5":"has-post-thumbnail","7":"category-kryesore","8":"category-rajoni"},"_links":{"self":[{"href":"https:\/\/neutrale.al\/index.php\/wp-json\/wp\/v2\/posts\/49055","targetHints":{"allow":["GET"]}}],"collection":[{"href":"https:\/\/neutrale.al\/index.php\/wp-json\/wp\/v2\/posts"}],"about":[{"href":"https:\/\/neutrale.al\/index.php\/wp-json\/wp\/v2\/types\/post"}],"author":[{"embeddable":true,"href":"https:\/\/neutrale.al\/index.php\/wp-json\/wp\/v2\/users\/1"}],"replies":[{"embeddable":true,"href":"https:\/\/neutrale.al\/index.php\/wp-json\/wp\/v2\/comments?post=49055"}],"version-history":[{"count":0,"href":"https:\/\/neutrale.al\/index.php\/wp-json\/wp\/v2\/posts\/49055\/revisions"}],"wp:featuredmedia":[{"embeddable":true,"href":"https:\/\/neutrale.al\/index.php\/wp-json\/"}],"wp:attachment":[{"href":"https:\/\/neutrale.al\/index.php\/wp-json\/wp\/v2\/media?parent=49055"}],"wp:term":[{"taxonomy":"category","embeddable":true,"href":"https:\/\/neutrale.al\/index.php\/wp-json\/wp\/v2\/categories?post=49055"},{"taxonomy":"post_tag","embeddable":true,"href":"https:\/\/neutrale.al\/index.php\/wp-json\/wp\/v2\/tags?post=49055"}],"curies":[{"name":"wp","href":"https:\/\/api.w.org\/{rel}","templated":true}]}}