{"id":49052,"date":"2023-06-01T08:57:29","date_gmt":"2023-06-01T08:57:29","guid":{"rendered":"https:\/\/neutrale.al\/?p=49052"},"modified":"2023-06-01T08:57:29","modified_gmt":"2023-06-01T08:57:29","slug":"vazhdojne-protestat-ne-veri-te-kosoves","status":"publish","type":"post","link":"https:\/\/neutrale.al\/index.php\/2023\/06\/01\/vazhdojne-protestat-ne-veri-te-kosoves\/","title":{"rendered":"Vazhdojn\u00eb protestat n\u00eb veri t\u00eb Kosov\u00ebs"},"content":{"rendered":"<p>Derisa komuniteti nd\u00ebrkomb\u00ebtar ka rritur p\u00ebrpjekjet p\u00ebr t\u00eb ulur tensionet n\u00eb Kosov\u00eb, qytetar\u00ebt serb\u00eb n\u00eb veri t\u00eb vendit vazhdojn\u00eb edhe sot protestat kund\u00ebr kryetar\u00ebve shqiptar\u00eb t\u00eb komunave. <\/p>\n<p>N\u00eb Zve\u00e7an, punonj\u00ebsit e Autoritetit t\u00eb P\u00ebrkohsh\u00ebm t\u00eb Komun\u00ebs, q\u00eb funksionon n\u00ebn sistemin e Serbis\u00eb, jan\u00eb duke u regjistruar n\u00eb list\u00ebn e t\u00eb pun\u00ebsuarve q\u00eb \u00ebsht\u00eb vendosur n\u00eb nj\u00eb tavolin\u00eb, si d\u00ebshmi \u201cq\u00eb vijn\u00eb n\u00eb pun\u00eb\u201d, raporton gazetarja e Radios Evropa e Lir\u00eb atje.<br \/>\n REL<\/p>\n<p>\ud83d\udd17 evropaelire.org<\/p>\n","protected":false},"excerpt":{"rendered":"<p>Derisa komuniteti nd\u00ebrkomb\u00ebtar ka rritur p\u00ebrpjekjet p\u00ebr t\u00eb ulur tensionet n\u00eb Kosov\u00eb, qytetar\u00ebt serb\u00eb n\u00eb veri t\u00eb vendit vazhdojn\u00eb edhe sot protestat kund\u00ebr kryetar\u00ebve shqiptar\u00eb t\u00eb komunave. N\u00eb Zve\u00e7an, punonj\u00ebsit e Autoritetit t\u00eb P\u00ebrkohsh\u00ebm t\u00eb Komun\u00ebs, q\u00eb funksionon n\u00ebn sistemin e Serbis\u00eb, jan\u00eb duke u regjistruar n\u00eb list\u00ebn e t\u00eb pun\u00ebsuarve q\u00eb \u00ebsht\u00eb vendosur n\u00eb [&hellip;]<\/p>\n","protected":false},"author":1,"featured_media":49053,"comment_status":"open","ping_status":"open","sticky":false,"template":"","format":"standard","meta":{"footnotes":""},"categories":[118,6],"tags":[],"class_list":{"0":"post-49052","1":"post","2":"type-post","3":"status-publish","4":"format-standard","5":"has-post-thumbnail","7":"category-kryesore","8":"category-rajoni"},"_links":{"self":[{"href":"https:\/\/neutrale.al\/index.php\/wp-json\/wp\/v2\/posts\/49052","targetHints":{"allow":["GET"]}}],"collection":[{"href":"https:\/\/neutrale.al\/index.php\/wp-json\/wp\/v2\/posts"}],"about":[{"href":"https:\/\/neutrale.al\/index.php\/wp-json\/wp\/v2\/types\/post"}],"author":[{"embeddable":true,"href":"https:\/\/neutrale.al\/index.php\/wp-json\/wp\/v2\/users\/1"}],"replies":[{"embeddable":true,"href":"https:\/\/neutrale.al\/index.php\/wp-json\/wp\/v2\/comments?post=49052"}],"version-history":[{"count":0,"href":"https:\/\/neutrale.al\/index.php\/wp-json\/wp\/v2\/posts\/49052\/revisions"}],"wp:featuredmedia":[{"embeddable":true,"href":"https:\/\/neutrale.al\/index.php\/wp-json\/"}],"wp:attachment":[{"href":"https:\/\/neutrale.al\/index.php\/wp-json\/wp\/v2\/media?parent=49052"}],"wp:term":[{"taxonomy":"category","embeddable":true,"href":"https:\/\/neutrale.al\/index.php\/wp-json\/wp\/v2\/categories?post=49052"},{"taxonomy":"post_tag","embeddable":true,"href":"https:\/\/neutrale.al\/index.php\/wp-json\/wp\/v2\/tags?post=49052"}],"curies":[{"name":"wp","href":"https:\/\/api.w.org\/{rel}","templated":true}]}}