{"id":49049,"date":"2023-06-01T08:53:46","date_gmt":"2023-06-01T08:53:46","guid":{"rendered":"https:\/\/neutrale.al\/?p=49049"},"modified":"2023-06-01T08:53:46","modified_gmt":"2023-06-01T08:53:46","slug":"mat-plagosi-me-arme-zjarri-nje-39-vjecar-policia-identifikon-dhe-shpall-ne-kerkim-autorin-e-dyshuar","status":"publish","type":"post","link":"https:\/\/neutrale.al\/index.php\/2023\/06\/01\/mat-plagosi-me-arme-zjarri-nje-39-vjecar-policia-identifikon-dhe-shpall-ne-kerkim-autorin-e-dyshuar\/","title":{"rendered":"Mat\/ Plagosi me arm\u00eb zjarri nj\u00eb 39 vje\u00e7ar, Policia identifikon dhe shpall n\u00eb k\u00ebrkim autorin e dyshuar."},"content":{"rendered":"<p>Detajet-Njoftimi i Policis\u00eb s\u00eb Shtetit:<\/p>\n<p>Plagosi me arm\u00eb zjarri nj\u00eb 39 vje\u00e7ar, Policia identifikon dhe shpall n\u00eb k\u00ebrkim autorin e dyshuar.<\/p>\n<p>Vijon ndjekja p\u00ebr kapjen e autorit, shtetasit B.K., 38 vje\u00e7.<\/p>\n<p>Sh\u00ebrbimet e Komisariatit t\u00eb Policis\u00eb Mat, rreth or\u00ebs 04.30, kan\u00eb marr\u00eb njoftim se  nj\u00eb shtetas kishte shkuar n\u00eb spital p\u00ebr ndihm\u00eb mjek\u00ebsore, i plagosur me arm\u00eb zjarri, menj\u00ebher\u00eb kan\u00eb organizuar pun\u00ebn p\u00ebr  zbardhjen e rrethanave t\u00eb ngjarjes, identifikimin dhe kapjen e autorit.<\/p>\n<p>Fal\u00eb veprimeve t\u00eb shpejta \u00ebsht\u00eb b\u00ebr\u00eb e mundur identifkimi i autorit t\u00eb dyshuar, shtetasi B.K., 38 vje\u00e7, banues n\u00eb Burrel, ku vijon puna p\u00ebr kapjen e tij.<\/p>\n<p>Nga veprimet e para hetimore dyshohet se k\u00ebto dy shtetas kan\u00eb qen\u00eb n\u00eb nj\u00eb lokal duke konsumuar alkool dhe pasi kan\u00eb dal\u00eb nga lokali , jan\u00eb konfliktuar p\u00ebr motive t\u00eb dob\u00ebta dhe shtetasi B.K., ka plagosur me arm\u00eb zjarri pistolet\u00eb shtetasin A.D, 39 vje\u00e7, i cili ndodhet n\u00eb spital jasht\u00eb rrezikut p\u00ebr jet\u00ebn.<\/p>\n<p>Sh\u00ebrbimet e Policis\u00eb s\u00eb Matit n\u00eb bashk\u00ebpunim me strukturat hetimore t\u00eb DVP Dib\u00ebr,  kan\u00eb shoq\u00ebruar n\u00eb Komisariat 8 persona q\u00eb dyshohet se kan\u00eb dijeni p\u00ebr rrethanat e ngjarjes.<\/p>\n<p>Grupi hetimor n\u00ebn drejtimin e Prokuroris\u00eb vijon veprimet n\u00eb vendnngjarje me q\u00ebllim zbardhjen  dhe dokumentin e plot\u00eb t\u00eb rethanave t\u00eb ngjarjes.<\/p>\n","protected":false},"excerpt":{"rendered":"<p>Detajet-Njoftimi i Policis\u00eb s\u00eb Shtetit: Plagosi me arm\u00eb zjarri nj\u00eb 39 vje\u00e7ar, Policia identifikon dhe shpall n\u00eb k\u00ebrkim autorin e dyshuar. Vijon ndjekja p\u00ebr kapjen e autorit, shtetasit B.K., 38 vje\u00e7. Sh\u00ebrbimet e Komisariatit t\u00eb Policis\u00eb Mat, rreth or\u00ebs 04.30, kan\u00eb marr\u00eb njoftim se nj\u00eb shtetas kishte shkuar n\u00eb spital p\u00ebr ndihm\u00eb mjek\u00ebsore, i plagosur [&hellip;]<\/p>\n","protected":false},"author":1,"featured_media":49050,"comment_status":"open","ping_status":"open","sticky":false,"template":"","format":"standard","meta":{"footnotes":""},"categories":[117],"tags":[27],"class_list":{"0":"post-49049","1":"post","2":"type-post","3":"status-publish","4":"format-standard","5":"has-post-thumbnail","7":"category-aktualitet","8":"tag-lajme"},"_links":{"self":[{"href":"https:\/\/neutrale.al\/index.php\/wp-json\/wp\/v2\/posts\/49049","targetHints":{"allow":["GET"]}}],"collection":[{"href":"https:\/\/neutrale.al\/index.php\/wp-json\/wp\/v2\/posts"}],"about":[{"href":"https:\/\/neutrale.al\/index.php\/wp-json\/wp\/v2\/types\/post"}],"author":[{"embeddable":true,"href":"https:\/\/neutrale.al\/index.php\/wp-json\/wp\/v2\/users\/1"}],"replies":[{"embeddable":true,"href":"https:\/\/neutrale.al\/index.php\/wp-json\/wp\/v2\/comments?post=49049"}],"version-history":[{"count":0,"href":"https:\/\/neutrale.al\/index.php\/wp-json\/wp\/v2\/posts\/49049\/revisions"}],"wp:featuredmedia":[{"embeddable":true,"href":"https:\/\/neutrale.al\/index.php\/wp-json\/"}],"wp:attachment":[{"href":"https:\/\/neutrale.al\/index.php\/wp-json\/wp\/v2\/media?parent=49049"}],"wp:term":[{"taxonomy":"category","embeddable":true,"href":"https:\/\/neutrale.al\/index.php\/wp-json\/wp\/v2\/categories?post=49049"},{"taxonomy":"post_tag","embeddable":true,"href":"https:\/\/neutrale.al\/index.php\/wp-json\/wp\/v2\/tags?post=49049"}],"curies":[{"name":"wp","href":"https:\/\/api.w.org\/{rel}","templated":true}]}}