{"id":49046,"date":"2023-06-01T08:49:27","date_gmt":"2023-06-01T08:49:27","guid":{"rendered":"https:\/\/neutrale.al\/?p=49046"},"modified":"2023-06-01T08:49:27","modified_gmt":"2023-06-01T08:49:27","slug":"presidentja-e-hungarise-novak-mberrin-ne-shqiperi-pritet-nga-presidenti-begaj","status":"publish","type":"post","link":"https:\/\/neutrale.al\/index.php\/2023\/06\/01\/presidentja-e-hungarise-novak-mberrin-ne-shqiperi-pritet-nga-presidenti-begaj\/","title":{"rendered":"Presidentja e Hungaris\u00eb, Novak mb\u00ebrrin n\u00eb Shqip\u00ebri, pritet nga Presidenti Begaj"},"content":{"rendered":"<p>Presidentja e Hungaris\u00eb Katalin Novak ka mb\u00ebrritur k\u00ebt\u00eb t\u00eb Enjte n\u00eb Tiran\u00eb, n\u00eb kuad\u00ebr t\u00eb nj\u00eb vizite zyrtare.<\/p>\n<p>Novak \u00ebsht\u00eb pritur me ceremoni nga Presidenti i Republik\u00ebs Bajram Begaj.<\/p>\n<p>Ceremonia zyrtare e mir\u00ebseardhjes ka nisur n\u00eb or\u00ebn 10:00 n\u00eb Presidenc\u00eb. Pritet q\u00eb n\u00eb or\u00ebn 11:30 t\u00eb mbahet konferenca e p\u00ebrbashk\u00ebt e dy President\u00ebve, ku secili do mbaj\u00eb fjal\u00ebn e tij.<\/p>\n","protected":false},"excerpt":{"rendered":"<p>Presidentja e Hungaris\u00eb Katalin Novak ka mb\u00ebrritur k\u00ebt\u00eb t\u00eb Enjte n\u00eb Tiran\u00eb, n\u00eb kuad\u00ebr t\u00eb nj\u00eb vizite zyrtare. Novak \u00ebsht\u00eb pritur me ceremoni nga Presidenti i Republik\u00ebs Bajram Begaj. Ceremonia zyrtare e mir\u00ebseardhjes ka nisur n\u00eb or\u00ebn 10:00 n\u00eb Presidenc\u00eb. Pritet q\u00eb n\u00eb or\u00ebn 11:30 t\u00eb mbahet konferenca e p\u00ebrbashk\u00ebt e dy President\u00ebve, ku secili [&hellip;]<\/p>\n","protected":false},"author":1,"featured_media":49047,"comment_status":"open","ping_status":"open","sticky":false,"template":"","format":"standard","meta":{"footnotes":""},"categories":[118],"tags":[],"class_list":{"0":"post-49046","1":"post","2":"type-post","3":"status-publish","4":"format-standard","5":"has-post-thumbnail","7":"category-kryesore"},"_links":{"self":[{"href":"https:\/\/neutrale.al\/index.php\/wp-json\/wp\/v2\/posts\/49046","targetHints":{"allow":["GET"]}}],"collection":[{"href":"https:\/\/neutrale.al\/index.php\/wp-json\/wp\/v2\/posts"}],"about":[{"href":"https:\/\/neutrale.al\/index.php\/wp-json\/wp\/v2\/types\/post"}],"author":[{"embeddable":true,"href":"https:\/\/neutrale.al\/index.php\/wp-json\/wp\/v2\/users\/1"}],"replies":[{"embeddable":true,"href":"https:\/\/neutrale.al\/index.php\/wp-json\/wp\/v2\/comments?post=49046"}],"version-history":[{"count":0,"href":"https:\/\/neutrale.al\/index.php\/wp-json\/wp\/v2\/posts\/49046\/revisions"}],"wp:featuredmedia":[{"embeddable":true,"href":"https:\/\/neutrale.al\/index.php\/wp-json\/"}],"wp:attachment":[{"href":"https:\/\/neutrale.al\/index.php\/wp-json\/wp\/v2\/media?parent=49046"}],"wp:term":[{"taxonomy":"category","embeddable":true,"href":"https:\/\/neutrale.al\/index.php\/wp-json\/wp\/v2\/categories?post=49046"},{"taxonomy":"post_tag","embeddable":true,"href":"https:\/\/neutrale.al\/index.php\/wp-json\/wp\/v2\/tags?post=49046"}],"curies":[{"name":"wp","href":"https:\/\/api.w.org\/{rel}","templated":true}]}}