{"id":49043,"date":"2023-06-01T08:47:36","date_gmt":"2023-06-01T08:47:36","guid":{"rendered":"https:\/\/neutrale.al\/?p=49043"},"modified":"2023-06-01T08:47:36","modified_gmt":"2023-06-01T08:47:36","slug":"ndryshimet-ne-ligjin-per-nenshtetesine-reagon-shehu-godasin-vlerat-kombetare-dhe-te-drejtat-e-njeriut","status":"publish","type":"post","link":"https:\/\/neutrale.al\/index.php\/2023\/06\/01\/ndryshimet-ne-ligjin-per-nenshtetesine-reagon-shehu-godasin-vlerat-kombetare-dhe-te-drejtat-e-njeriut\/","title":{"rendered":"Ndryshimet n\u00eb ligjin p\u00ebr n\u00ebnshtet\u00ebsin\u00eb\/ Reagon Shehu: Godasin vlerat komb\u00ebtare dhe t\u00eb drejtat e njeriut!"},"content":{"rendered":"<p>Qeveria ka paraqitur ne Kuvend disa ndryshime t\u00eb Ligjit p\u00ebr Shtet\u00ebsin\u00eb.<br \/>\nK\u00ebt\u00eb fakt ka reaguar deputeti demokrat, Tritan Shehu.<\/p>\n<p>Ai shkruan n\u00eb rrjetet sociale se, n\u00eb fakt k\u00ebto godasin s\u00eb paku dy parime universale, shum\u00eb t\u00eb r\u00ebnd\u00ebsishme t\u00eb thelbit t\u00eb tij.<\/p>\n<p>Reagimi i plot\u00eb:<\/p>\n<p>Ndryshimet e Ligjit per Shtetesine godasin vlerat kombetare dhe te drejta te njeriut!<br \/>\ngodasin vlerat kombetare dhe te drejta te njeriut!<br \/>\n1&#8211;Bije poshte per kategori te gjera gjuha shqipe, si domosdoshmeri per te marre nenshtesine shqiptare, duke goditur piken \u201ce\u201d te nenit 8.<br \/>\nE theksoj, kjo nuk behet per raste te vecanta, personalitete te spikatur, por per kategori te zakoneshme, te gjera.<br \/>\nPra ketu kemi te bejme me nje shkelje te rende te dinjitetit tone kombetar.<br \/>\n2&#8211;Shkelen parimet e mbrojtjes se  femijeve.<br \/>\nVendosja e Nenit 4 tek ndryshimet i hap rruge dhenies se nenshtesise shqiptare edhe minoreneve, nen 18 vjec.<br \/>\nKetu pervecse ceshtjes se gjuhes, qe nuk behet fjale, kemi te bejme me nje shkelje te rende te te drejtave te femijeve, mbrojtjes se tyre.<br \/>\nKetu nuk kemi te bejme per dhenie shtetesie si familje, e as rasteve, qe kane lindur ne Shqiperi, apo se paku qe jetojne ketu.<br \/>\nKetu flitet per dhenie shtetesie femijeve te shkeputur, pa lidhje me Shqiperine, me familje ne vendet e tyre.<br \/>\nDhe kerkohet te realizohet vetem me nje \u201cprokure\u201d te prindit apo te \u201ckujdestarit\u201d!<br \/>\nTentativat per ta \u201cargumentuar\u201d kete me \u201cmbushjen e ekipeve tona kombetare jane absurde, pengese e talenteve tona, tjetersuese e nocionit \u201ckombetare, prandaj duhet kufizuar per diasporen e trojet shqip folese.<br \/>\nMenyra si eshte paraqitur me shembellen me historite qe nga marrja e Jenicereve shekuj me pare ne Perandorine Otomane e deri tek trafiqet e femijeve ne kohet e sotme!<br \/>\nNe keto kushte kemi perpara nje projekt ligj te shtrember, te rrezikshem, ndesh me te drejtat, i keq pregatitur e i sjelle ne Kuvend per qellime jo te qarta.<\/p>\n","protected":false},"excerpt":{"rendered":"<p>Qeveria ka paraqitur ne Kuvend disa ndryshime t\u00eb Ligjit p\u00ebr Shtet\u00ebsin\u00eb. K\u00ebt\u00eb fakt ka reaguar deputeti demokrat, Tritan Shehu. Ai shkruan n\u00eb rrjetet sociale se, n\u00eb fakt k\u00ebto godasin s\u00eb paku dy parime universale, shum\u00eb t\u00eb r\u00ebnd\u00ebsishme t\u00eb thelbit t\u00eb tij. Reagimi i plot\u00eb: Ndryshimet e Ligjit per Shtetesine godasin vlerat kombetare dhe te drejta [&hellip;]<\/p>\n","protected":false},"author":1,"featured_media":49044,"comment_status":"open","ping_status":"open","sticky":false,"template":"","format":"standard","meta":{"footnotes":""},"categories":[1],"tags":[],"class_list":{"0":"post-49043","1":"post","2":"type-post","3":"status-publish","4":"format-standard","5":"has-post-thumbnail","7":"category-te-tjera"},"_links":{"self":[{"href":"https:\/\/neutrale.al\/index.php\/wp-json\/wp\/v2\/posts\/49043","targetHints":{"allow":["GET"]}}],"collection":[{"href":"https:\/\/neutrale.al\/index.php\/wp-json\/wp\/v2\/posts"}],"about":[{"href":"https:\/\/neutrale.al\/index.php\/wp-json\/wp\/v2\/types\/post"}],"author":[{"embeddable":true,"href":"https:\/\/neutrale.al\/index.php\/wp-json\/wp\/v2\/users\/1"}],"replies":[{"embeddable":true,"href":"https:\/\/neutrale.al\/index.php\/wp-json\/wp\/v2\/comments?post=49043"}],"version-history":[{"count":0,"href":"https:\/\/neutrale.al\/index.php\/wp-json\/wp\/v2\/posts\/49043\/revisions"}],"wp:featuredmedia":[{"embeddable":true,"href":"https:\/\/neutrale.al\/index.php\/wp-json\/"}],"wp:attachment":[{"href":"https:\/\/neutrale.al\/index.php\/wp-json\/wp\/v2\/media?parent=49043"}],"wp:term":[{"taxonomy":"category","embeddable":true,"href":"https:\/\/neutrale.al\/index.php\/wp-json\/wp\/v2\/categories?post=49043"},{"taxonomy":"post_tag","embeddable":true,"href":"https:\/\/neutrale.al\/index.php\/wp-json\/wp\/v2\/tags?post=49043"}],"curies":[{"name":"wp","href":"https:\/\/api.w.org\/{rel}","templated":true}]}}