{"id":4857,"date":"2022-06-06T10:06:54","date_gmt":"2022-06-06T10:06:54","guid":{"rendered":"https:\/\/neutrale.al\/?p=4857"},"modified":"2022-06-06T10:06:54","modified_gmt":"2022-06-06T10:06:54","slug":"anulohet-vizita-e-lavrov-ne-beograd-vendet-fqinje-refuzuan-fluturimin-ne-hapesiren-ajrore","status":"publish","type":"post","link":"https:\/\/neutrale.al\/index.php\/2022\/06\/06\/anulohet-vizita-e-lavrov-ne-beograd-vendet-fqinje-refuzuan-fluturimin-ne-hapesiren-ajrore\/","title":{"rendered":"Anulohet vizita e Lavrov n\u00eb Beograd. Vendet fqinje refuzuan fluturimin n\u00eb hap\u00ebsir\u00ebn ajrore."},"content":{"rendered":"<p>Presidenti i Serbis\u00eb, Aleksand\u00ebr Vu\u00e7i\u00e7 ka thirrur n\u00eb takim urgjent k\u00ebt\u00eb t\u00eb h\u00ebn\u00eb (6 qershor) ambasadorin e Mosk\u00ebs n\u00eb Beograd, p\u00ebr t\u00eb biseduar mbi anulimin e vizit\u00ebs s\u00eb planifikuar n\u00eb Serbi, t\u00eb ministrit t\u00eb Jasht\u00ebm rus, Sergej Lavrov.<br \/>\nN\u00eb nj\u00eb postim n\u00eb Instagram, Vu\u00e7i\u00e7 thot\u00eb se \u00ebsht\u00eb informuar nga ambasadori p\u00ebr arsyet e anulimit t\u00eb k\u00ebsaj vizite. <\/p>\n<p>\u201cAmbasadori i Federat\u00ebs Ruse, Bo\u00e7an-Khar\u00e7enko, m\u00eb informoi p\u00ebr arsyet q\u00eb e pamund\u00ebsuan ardhjen e ministrit Lavrov n\u00eb Beograd dhe solli dokumente q\u00eb e mb\u00ebshtesin k\u00ebt\u00eb. Do t\u00eb flas m\u00eb shum\u00eb p\u00ebr gjith\u00e7ka n\u00eb RTS1 n\u00eb Dnevnik n\u00eb or\u00ebn 19:30. Presidenti i Republik\u00ebs s\u00eb Serbis\u00eb, Aleksandar Vu\u00e7i\u00e7, u takua me ambasadorin e Federat\u00ebs Ruse, Aleksandar Bocan-Kharchenko\u201d, thuhet n\u00eb postimin e Vu\u00e7i\u00e7. <\/p>\n<p>Anulimi i vizit\u00ebs <\/p>\n<p>Bullgaria, Mali i Zi dhe Maqedonia e Veriut i refuzojn\u00eb avionit qeveritar rus kalimin n\u00eb hap\u00ebsir\u00ebn e tyre ajrore, p\u00ebr k\u00ebt\u00eb arsye ministri i Jasht\u00ebm rus, Sergej Lavrov nuk mund t\u00eb zhvilloj\u00eb vizit\u00ebn e planifikuar dy ditore n\u00eb Serbi q\u00eb duhet t\u00eb fillonte t\u00eb h\u00ebn\u00ebn(sot)<\/p>\n","protected":false},"excerpt":{"rendered":"<p>Presidenti i Serbis\u00eb, Aleksand\u00ebr Vu\u00e7i\u00e7 ka thirrur n\u00eb takim urgjent k\u00ebt\u00eb t\u00eb h\u00ebn\u00eb (6 qershor) ambasadorin e Mosk\u00ebs n\u00eb Beograd, p\u00ebr t\u00eb biseduar mbi anulimin e vizit\u00ebs s\u00eb planifikuar n\u00eb Serbi, t\u00eb ministrit t\u00eb Jasht\u00ebm rus, Sergej Lavrov. N\u00eb nj\u00eb postim n\u00eb Instagram, Vu\u00e7i\u00e7 thot\u00eb se \u00ebsht\u00eb informuar nga ambasadori p\u00ebr arsyet e anulimit t\u00eb [&hellip;]<\/p>\n","protected":false},"author":2,"featured_media":4858,"comment_status":"open","ping_status":"open","sticky":false,"template":"","format":"standard","meta":{"footnotes":""},"categories":[118,6],"tags":[27],"class_list":{"0":"post-4857","1":"post","2":"type-post","3":"status-publish","4":"format-standard","5":"has-post-thumbnail","7":"category-kryesore","8":"category-rajoni","9":"tag-lajme"},"_links":{"self":[{"href":"https:\/\/neutrale.al\/index.php\/wp-json\/wp\/v2\/posts\/4857","targetHints":{"allow":["GET"]}}],"collection":[{"href":"https:\/\/neutrale.al\/index.php\/wp-json\/wp\/v2\/posts"}],"about":[{"href":"https:\/\/neutrale.al\/index.php\/wp-json\/wp\/v2\/types\/post"}],"author":[{"embeddable":true,"href":"https:\/\/neutrale.al\/index.php\/wp-json\/wp\/v2\/users\/2"}],"replies":[{"embeddable":true,"href":"https:\/\/neutrale.al\/index.php\/wp-json\/wp\/v2\/comments?post=4857"}],"version-history":[{"count":1,"href":"https:\/\/neutrale.al\/index.php\/wp-json\/wp\/v2\/posts\/4857\/revisions"}],"predecessor-version":[{"id":4859,"href":"https:\/\/neutrale.al\/index.php\/wp-json\/wp\/v2\/posts\/4857\/revisions\/4859"}],"wp:featuredmedia":[{"embeddable":true,"href":"https:\/\/neutrale.al\/index.php\/wp-json\/wp\/v2\/media\/4858"}],"wp:attachment":[{"href":"https:\/\/neutrale.al\/index.php\/wp-json\/wp\/v2\/media?parent=4857"}],"wp:term":[{"taxonomy":"category","embeddable":true,"href":"https:\/\/neutrale.al\/index.php\/wp-json\/wp\/v2\/categories?post=4857"},{"taxonomy":"post_tag","embeddable":true,"href":"https:\/\/neutrale.al\/index.php\/wp-json\/wp\/v2\/tags?post=4857"}],"curies":[{"name":"wp","href":"https:\/\/api.w.org\/{rel}","templated":true}]}}