{"id":4474,"date":"2022-06-01T09:15:35","date_gmt":"2022-06-01T09:15:35","guid":{"rendered":"https:\/\/neutrale.al\/?p=4474"},"modified":"2022-06-01T09:15:35","modified_gmt":"2022-06-01T09:15:35","slug":"sot-festa-e-vogelusheve-pse","status":"publish","type":"post","link":"https:\/\/neutrale.al\/index.php\/2022\/06\/01\/sot-festa-e-vogelusheve-pse\/","title":{"rendered":"Sot festa e vog\u00eblush\u00ebve ! Pse&#8230;?"},"content":{"rendered":"<p>1 qershori si fest\u00eb e f\u00ebmij\u00ebve ka nisur t\u00eb konsiderohet e till\u00eb m\u00ebs\u00ebpari nga Shtetet e Bashkuara dhe Kina. Dita e f\u00ebmij\u00ebve u vendos n\u00eb dat\u00ebn 1 qershor, sepse n\u00eb k\u00ebt\u00eb dat\u00eb \u00ebsht\u00eb mbajtur Konferenca Bot\u00ebrore e Mir\u00ebqenies s\u00eb F\u00ebmij\u00ebve n\u00eb Gjenev\u00eb, n\u00eb vitin 1925. N\u00eb t\u00eb nj\u00ebjt\u00ebn dit\u00eb, p\u00ebrkoi q\u00eb konsulli i p\u00ebrgjithsh\u00ebm kinez n\u00eb San Francisko mblodhi s\u00eb bashku nj\u00eb num\u00ebr t\u00eb konsideruesh\u00ebm f\u00ebmij\u00ebsh jetim kinez\u00eb t\u00eb celebronin n\u00eb festivalin e \u201cAnijes s\u00eb Dragoit\u201d.<br \/>\nDy vjet m\u00eb pas Festa e 1 qershorit filloi t\u00eb festohet n\u00eb t\u00eb gjith\u00eb bot\u00ebn.<\/p>\n","protected":false},"excerpt":{"rendered":"<p>1 qershori si fest\u00eb e f\u00ebmij\u00ebve ka nisur t\u00eb konsiderohet e till\u00eb m\u00ebs\u00ebpari nga Shtetet e Bashkuara dhe Kina. Dita e f\u00ebmij\u00ebve u vendos n\u00eb dat\u00ebn 1 qershor, sepse n\u00eb k\u00ebt\u00eb dat\u00eb \u00ebsht\u00eb mbajtur Konferenca Bot\u00ebrore e Mir\u00ebqenies s\u00eb F\u00ebmij\u00ebve n\u00eb Gjenev\u00eb, n\u00eb vitin 1925. N\u00eb t\u00eb nj\u00ebjt\u00ebn dit\u00eb, p\u00ebrkoi q\u00eb konsulli i p\u00ebrgjithsh\u00ebm kinez [&hellip;]<\/p>\n","protected":false},"author":2,"featured_media":4475,"comment_status":"open","ping_status":"open","sticky":false,"template":"","format":"standard","meta":{"footnotes":""},"categories":[117,118],"tags":[27],"class_list":{"0":"post-4474","1":"post","2":"type-post","3":"status-publish","4":"format-standard","5":"has-post-thumbnail","7":"category-aktualitet","8":"category-kryesore","9":"tag-lajme"},"_links":{"self":[{"href":"https:\/\/neutrale.al\/index.php\/wp-json\/wp\/v2\/posts\/4474","targetHints":{"allow":["GET"]}}],"collection":[{"href":"https:\/\/neutrale.al\/index.php\/wp-json\/wp\/v2\/posts"}],"about":[{"href":"https:\/\/neutrale.al\/index.php\/wp-json\/wp\/v2\/types\/post"}],"author":[{"embeddable":true,"href":"https:\/\/neutrale.al\/index.php\/wp-json\/wp\/v2\/users\/2"}],"replies":[{"embeddable":true,"href":"https:\/\/neutrale.al\/index.php\/wp-json\/wp\/v2\/comments?post=4474"}],"version-history":[{"count":1,"href":"https:\/\/neutrale.al\/index.php\/wp-json\/wp\/v2\/posts\/4474\/revisions"}],"predecessor-version":[{"id":4476,"href":"https:\/\/neutrale.al\/index.php\/wp-json\/wp\/v2\/posts\/4474\/revisions\/4476"}],"wp:featuredmedia":[{"embeddable":true,"href":"https:\/\/neutrale.al\/index.php\/wp-json\/wp\/v2\/media\/4475"}],"wp:attachment":[{"href":"https:\/\/neutrale.al\/index.php\/wp-json\/wp\/v2\/media?parent=4474"}],"wp:term":[{"taxonomy":"category","embeddable":true,"href":"https:\/\/neutrale.al\/index.php\/wp-json\/wp\/v2\/categories?post=4474"},{"taxonomy":"post_tag","embeddable":true,"href":"https:\/\/neutrale.al\/index.php\/wp-json\/wp\/v2\/tags?post=4474"}],"curies":[{"name":"wp","href":"https:\/\/api.w.org\/{rel}","templated":true}]}}