{"id":4462,"date":"2022-05-31T20:30:33","date_gmt":"2022-05-31T20:30:33","guid":{"rendered":"https:\/\/neutrale.al\/?p=4462"},"modified":"2022-05-31T20:30:33","modified_gmt":"2022-05-31T20:30:33","slug":"prof-dr-tritan-shehu-uron-presidentin-e-partive-popullore-europiane","status":"publish","type":"post","link":"https:\/\/neutrale.al\/index.php\/2022\/05\/31\/prof-dr-tritan-shehu-uron-presidentin-e-partive-popullore-europiane\/","title":{"rendered":"Prof.Dr Tritan Shehu uron Presidentin e Partive Popullore Europiane."},"content":{"rendered":"<p>Sot n\u00eb Roterdam t\u00eb Holand\u00ebs u zhvillua kongresi i Partive Popullore t\u00eb Europ\u00ebs, ku Partia Demokratike e Shqip\u00ebris\u00eb \u00ebsht\u00eb an\u00ebtare.<br \/>\nKrahas \u00e7\u00ebshtjeve t\u00eb tjera t\u00eb rendit t\u00eb dit\u00ebs, u zhvilluan zgjedhjet edhe p\u00ebr presidentin e grupimit politik m\u00eb t\u00eb madh t\u00eb Evrop\u00ebs.<br \/>\nPik\u00ebrisht p\u00ebr zgjedhjen e kreut t\u00eb PPE, ka reaguar deputeti demokrat.<br \/>\nJa postimi i plot\u00eb i Z. Shehu <\/p>\n<p>&#8220;Manfred Weber zgjidhet President i PPE me 447 vota.<br \/>\nLajm i mir\u00eb ky p\u00ebr Europ\u00ebn, PPE, por edhe p\u00ebr rajonin ton\u00eb e Shqip\u00ebrin\u00eb.<br \/>\nPresidenti i ri \u00ebsht\u00eb nj\u00eb konservator n\u00eb politikat e tij, prej CDU gjermane.<br \/>\nNj\u00eb europeist i qart\u00eb e i vendosur n\u00eb pozicionet e tij.<br \/>\nNj\u00eb njoh\u00ebs i mir\u00eb edhe i Rajonit tone, i problemeve k\u00ebtu, por dhe nj\u00eb mb\u00ebshtet\u00ebs i pa l\u00ebkundur i alternativ\u00ebs son\u00eb t\u00eb integrimit europian.<br \/>\nPa dyshim n\u00ebn presidenc\u00ebn e tij PPE do t\u00eb forcohet edhe m\u00eb tej, do t\u00eb konsolidohet m\u00eb fort mbi parimet e vlerat europiane, t\u00eb cilat p\u00ebr Weber jan\u00eb nj\u00eb \u201cbusull\u201d politike e pa ndryshueshme.<br \/>\nUrime!&#8221;<\/p>\n","protected":false},"excerpt":{"rendered":"<p>Sot n\u00eb Roterdam t\u00eb Holand\u00ebs u zhvillua kongresi i Partive Popullore t\u00eb Europ\u00ebs, ku Partia Demokratike e Shqip\u00ebris\u00eb \u00ebsht\u00eb an\u00ebtare. Krahas \u00e7\u00ebshtjeve t\u00eb tjera t\u00eb rendit t\u00eb dit\u00ebs, u zhvilluan zgjedhjet edhe p\u00ebr presidentin e grupimit politik m\u00eb t\u00eb madh t\u00eb Evrop\u00ebs. Pik\u00ebrisht p\u00ebr zgjedhjen e kreut t\u00eb PPE, ka reaguar deputeti demokrat. Ja postimi [&hellip;]<\/p>\n","protected":false},"author":2,"featured_media":4463,"comment_status":"open","ping_status":"open","sticky":false,"template":"","format":"standard","meta":{"footnotes":""},"categories":[118,9],"tags":[27],"class_list":{"0":"post-4462","1":"post","2":"type-post","3":"status-publish","4":"format-standard","5":"has-post-thumbnail","7":"category-kryesore","8":"category-politika","9":"tag-lajme"},"_links":{"self":[{"href":"https:\/\/neutrale.al\/index.php\/wp-json\/wp\/v2\/posts\/4462","targetHints":{"allow":["GET"]}}],"collection":[{"href":"https:\/\/neutrale.al\/index.php\/wp-json\/wp\/v2\/posts"}],"about":[{"href":"https:\/\/neutrale.al\/index.php\/wp-json\/wp\/v2\/types\/post"}],"author":[{"embeddable":true,"href":"https:\/\/neutrale.al\/index.php\/wp-json\/wp\/v2\/users\/2"}],"replies":[{"embeddable":true,"href":"https:\/\/neutrale.al\/index.php\/wp-json\/wp\/v2\/comments?post=4462"}],"version-history":[{"count":1,"href":"https:\/\/neutrale.al\/index.php\/wp-json\/wp\/v2\/posts\/4462\/revisions"}],"predecessor-version":[{"id":4464,"href":"https:\/\/neutrale.al\/index.php\/wp-json\/wp\/v2\/posts\/4462\/revisions\/4464"}],"wp:featuredmedia":[{"embeddable":true,"href":"https:\/\/neutrale.al\/index.php\/wp-json\/wp\/v2\/media\/4463"}],"wp:attachment":[{"href":"https:\/\/neutrale.al\/index.php\/wp-json\/wp\/v2\/media?parent=4462"}],"wp:term":[{"taxonomy":"category","embeddable":true,"href":"https:\/\/neutrale.al\/index.php\/wp-json\/wp\/v2\/categories?post=4462"},{"taxonomy":"post_tag","embeddable":true,"href":"https:\/\/neutrale.al\/index.php\/wp-json\/wp\/v2\/tags?post=4462"}],"curies":[{"name":"wp","href":"https:\/\/api.w.org\/{rel}","templated":true}]}}