{"id":4370,"date":"2022-05-30T11:55:52","date_gmt":"2022-05-30T11:55:52","guid":{"rendered":"https:\/\/neutrale.al\/?p=4370"},"modified":"2022-05-30T11:55:52","modified_gmt":"2022-05-30T11:55:52","slug":"tetove-zjarr-i-fuqishem-ne-fabriken-e-duhanit","status":"publish","type":"post","link":"https:\/\/neutrale.al\/index.php\/2022\/05\/30\/tetove-zjarr-i-fuqishem-ne-fabriken-e-duhanit\/","title":{"rendered":"Tetov\u00eb, zjarr i fuqish\u00ebm n\u00eb fabrik\u00ebn e duhanit."},"content":{"rendered":"<p>Nj\u00eb zjarr i fuqish\u00ebm ka shp\u00ebrthyer sot n\u00eb Tetov\u00eb duke shkaktuar panik n\u00eb gjith\u00eb qytetin.<br \/>\nPamjet e publikuara nga mediat tregojn\u00eb se zona \u00ebsht\u00eb mbuluar nga tymi i zi. P\u00ebrve\u00e7 zjarrfik\u00ebsve t\u00eb qytetit, n\u00eb ndihm\u00eb kan\u00eb ardhur dhe forcat zjarr\u00ebfik\u00ebse nga Shkupi e Gostivari. <\/p>\n<p>Deri m\u00eb tani nuk raportohet p\u00ebr persona t\u00eb l\u00ebnduar nd\u00ebrsa forcat zjarr\u00ebfik\u00ebse po punojn\u00eb p\u00ebr shuarjen e flak\u00ebve. <\/p>\n<p>Autoritetet n\u00eb Maqedoni gjithashtu \u00a0b\u00ebjn\u00eb apel q\u00eb t\u00eb s\u00ebmur\u00ebt kronik dhe gjith\u00eb ata q\u00eb kan\u00eb probleme respiratore t\u00eb mos dalin nga sht\u00ebpit\u00eb<\/p>\n","protected":false},"excerpt":{"rendered":"<p>Nj\u00eb zjarr i fuqish\u00ebm ka shp\u00ebrthyer sot n\u00eb Tetov\u00eb duke shkaktuar panik n\u00eb gjith\u00eb qytetin. Pamjet e publikuara nga mediat tregojn\u00eb se zona \u00ebsht\u00eb mbuluar nga tymi i zi. P\u00ebrve\u00e7 zjarrfik\u00ebsve t\u00eb qytetit, n\u00eb ndihm\u00eb kan\u00eb ardhur dhe forcat zjarr\u00ebfik\u00ebse nga Shkupi e Gostivari. Deri m\u00eb tani nuk raportohet p\u00ebr persona t\u00eb l\u00ebnduar nd\u00ebrsa forcat [&hellip;]<\/p>\n","protected":false},"author":2,"featured_media":4371,"comment_status":"open","ping_status":"open","sticky":false,"template":"","format":"standard","meta":{"footnotes":""},"categories":[118,6],"tags":[27],"class_list":{"0":"post-4370","1":"post","2":"type-post","3":"status-publish","4":"format-standard","5":"has-post-thumbnail","7":"category-kryesore","8":"category-rajoni","9":"tag-lajme"},"_links":{"self":[{"href":"https:\/\/neutrale.al\/index.php\/wp-json\/wp\/v2\/posts\/4370","targetHints":{"allow":["GET"]}}],"collection":[{"href":"https:\/\/neutrale.al\/index.php\/wp-json\/wp\/v2\/posts"}],"about":[{"href":"https:\/\/neutrale.al\/index.php\/wp-json\/wp\/v2\/types\/post"}],"author":[{"embeddable":true,"href":"https:\/\/neutrale.al\/index.php\/wp-json\/wp\/v2\/users\/2"}],"replies":[{"embeddable":true,"href":"https:\/\/neutrale.al\/index.php\/wp-json\/wp\/v2\/comments?post=4370"}],"version-history":[{"count":1,"href":"https:\/\/neutrale.al\/index.php\/wp-json\/wp\/v2\/posts\/4370\/revisions"}],"predecessor-version":[{"id":4372,"href":"https:\/\/neutrale.al\/index.php\/wp-json\/wp\/v2\/posts\/4370\/revisions\/4372"}],"wp:featuredmedia":[{"embeddable":true,"href":"https:\/\/neutrale.al\/index.php\/wp-json\/wp\/v2\/media\/4371"}],"wp:attachment":[{"href":"https:\/\/neutrale.al\/index.php\/wp-json\/wp\/v2\/media?parent=4370"}],"wp:term":[{"taxonomy":"category","embeddable":true,"href":"https:\/\/neutrale.al\/index.php\/wp-json\/wp\/v2\/categories?post=4370"},{"taxonomy":"post_tag","embeddable":true,"href":"https:\/\/neutrale.al\/index.php\/wp-json\/wp\/v2\/tags?post=4370"}],"curies":[{"name":"wp","href":"https:\/\/api.w.org\/{rel}","templated":true}]}}